{"id":3615,"date":"2023-04-02T23:40:36","date_gmt":"2023-04-02T20:40:36","guid":{"rendered":"https:\/\/eestimaaehitus.ee\/?p=3615"},"modified":"2026-02-26T17:05:25","modified_gmt":"2026-02-26T15:05:25","slug":"natural-building-festival-2023","status":"publish","type":"post","link":"https:\/\/eestimaaehitus.ee\/en\/natural-building-festival-2023\/","title":{"rendered":"NATURAL BUILDING FESTIVAL 2023"},"content":{"rendered":"\n<div style=\"height:100px\" aria-hidden=\"true\" class=\"wp-block-spacer\"><\/div>\n\n\n<div id=\"acf-block_1886d5337dcf3255ab342da88ca8fad8\" class=\"acf-block-element block-txtmedia wide-img color-default\"><div class=\"row row-grid\"><div class=\"col-content col-12 col-lg-6 col-xl-5 align-self-start\">\n\n<h3 class=\"wp-block-heading wp-el\">Natural Building Festival 2023 (16-19 Aug)<\/h3>\n\n\n\n<p class=\"wp-el\"><\/p>\n\n\n\n<p class=\"wp-el\">Natural Building Festival is coming again, this time as an international one!<\/p>\n\n\n\n<p class=\"wp-el\">Themes: construction, finish and art.<\/p>\n\n\n\n<p class=\"wp-el\">Practical workshops, lectures, consultations, Green Forum, children&#8217;s area and much more.<\/p>\n\n\n\n<p class=\"wp-el\">The event takes place in the <a href=\"https:\/\/moostemois.ee\/en\" target=\"_blank\" rel=\"noreferrer noopener\">Mooste manor complex<\/a>. The activities of Natural Building Festival take place in <a href=\"https:\/\/eestimaaehitus.ee\/en\/\" target=\"_blank\" rel=\"noreferrer noopener\">Competence Center for Ecological Building &#8211; Eestimaaehitus<\/a> and  Green Forum in <a href=\"https:\/\/moostemois.ee\/en\/folk-house\" target=\"_blank\" rel=\"noreferrer noopener\">Mooste Manor Folk House.<\/a><\/p>\n\n\n\n<p class=\"wp-el\"><a href=\"#ticket-information\"><strong>Ticket information<\/strong><\/a><\/p>\n\n\n\n<p class=\"wp-el\"><a href=\"#accommodation-options\"><strong>Accommodation options<\/strong><\/a><\/p>\n\n<\/div><div class=\"col-media clearfix col-12 col-lg-6 col-xl-6 offset-xl-1\"><div class=\"swiper-container-outer position-relative\"><div class=\"swiper-container\"><div class=\" swiper-wrapper\"><div class=\"swiper-slide\"><img loading=\"lazy\" decoding=\"async\" width=\"640\" height=\"528\" src=\"https:\/\/eestimaaehitus.ee\/wp-content\/uploads\/fly-images\/3580\/Dorodango-2-640x528-c.jpg\" class=\"attachment-img-640x528\" alt=\"Dorodango\" \/><\/div><\/div><\/div><div class=\"swiper-button-prev\"><svg width=\"12\" height=\"12\" viewBox=\"0 0 12 12\" fill=\"none\" xmlns=\"http:\/\/www.w3.org\/2000\/svg\"><path d=\"M8.25 0.75L3 6L8.25 11.25\" stroke=\"#262930\"\/><\/svg><\/div><div class=\"swiper-button-next\"><svg width=\"12\" height=\"12\" viewBox=\"0 0 12 12\" fill=\"none\" xmlns=\"http:\/\/www.w3.org\/2000\/svg\"><path d=\"M3.75 0.75L9 6L3.75 11.25\" stroke=\"#262930\"\/><\/svg><\/div><\/div><\/div><\/div><\/div>\n\n\n<div style=\"height:100px\" aria-hidden=\"true\" class=\"wp-block-spacer\"><\/div>\n\n\n<div id=\"acf-block_bb43abe24faf74188d0e35093e365fa5\" class=\"acf-block-element block-txtmedia wide-img color-default\"><div class=\"row row-grid\"><div class=\"col-content col-12 col-lg-6 col-xl-5 order-1 offset-xl-1 align-self-start\">\n\n<h3 class=\"wp-block-heading wp-el\">Natural Building with Marko Kikas <\/h3>\n\n\n\n<p class=\"wp-el\"><\/p>\n\n\n\n<p class=\"wp-el\">During the practical training sessions of the Natural Building Festival, this time we will focus on two construction technologies:<\/p>\n\n\n\n<p class=\"wp-el\"><strong>Light earth<\/strong> &#8211; insulation material made of clay slip and organic and\/or mineral additives. The mixture is gently tamped using a formwork in layers of 10-15 cm between the framework or previously prepared and dried blocks are laid.<\/p>\n\n\n\n<p class=\"wp-el\"><strong>Hempcrete<\/strong> &#8211; insulation material made of a mixture of hydrated lime and hemp shives. The mixture is gently tamped using a formwork in layers of 10-15 cm between the framework, previously prepared and dried blocks are laid or the wall is sprayed. <\/p>\n\n\n\n<p class=\"wp-el\">During the workshop, sample walls will be prepared for display in the exhibition room of the Eestimaaehitus building.<\/p>\n\n<\/div><div class=\"col-media clearfix col-12 col-lg-6 col-xl-6\"><div class=\"swiper-container-outer position-relative\"><div class=\"swiper-container\"><div class=\" swiper-wrapper\"><div class=\"swiper-slide\"><img loading=\"lazy\" decoding=\"async\" width=\"640\" height=\"528\" src=\"https:\/\/eestimaaehitus.ee\/wp-content\/uploads\/fly-images\/3985\/Hempcrete-vs-Light-Earth-640x528-c.jpg\" class=\"attachment-img-640x528\" alt=\"Hempcrete vs Light Earth\" \/><div class=\"img-alt-txt\">Marko Kikas building his house \/ Materials: Hempcrete and light earth \/ Photo: \u00a9 <a href=\"https:\/\/eme.ee\" target=\"_blank\" rel=\"noopener\">Eestimaaehitus<\/a><\/div><\/div><\/div><\/div><div class=\"swiper-button-prev\"><svg width=\"12\" height=\"12\" viewBox=\"0 0 12 12\" fill=\"none\" xmlns=\"http:\/\/www.w3.org\/2000\/svg\"><path d=\"M8.25 0.75L3 6L8.25 11.25\" stroke=\"#262930\"\/><\/svg><\/div><div class=\"swiper-button-next\"><svg width=\"12\" height=\"12\" viewBox=\"0 0 12 12\" fill=\"none\" xmlns=\"http:\/\/www.w3.org\/2000\/svg\"><path d=\"M3.75 0.75L9 6L3.75 11.25\" stroke=\"#262930\"\/><\/svg><\/div><\/div><\/div><\/div><\/div>\n\n<div id=\"acf-block_3c621a7db8eb3005633d62260d8f5986\" class=\"acf-block-element block-txtmedia wide-img color-default\"><div class=\"row row-grid\"><div class=\"col-content col-12 col-lg-6 col-xl-5 align-self-start\">\n\n<h3 class=\"wp-block-heading wp-el\">Marko Kikas<\/h3>\n\n\n\n<p class=\"wp-el\"><\/p>\n\n\n\n<p class=\"wp-el\">Marko Kikas is the founder and CEO of Saviukumaja O\u00dc. Saviukumaja is an Estonian company with a great mission, which develops and produces world-class natural building and finishing materials under the brand name <a href=\"https:\/\/uku.eu\/en\/\" target=\"_blank\" rel=\"noreferrer noopener\">UKU Pure Earth<\/a>.<\/p>\n\n\n\n<p class=\"wp-el\">When Marko founded his company in 2006, he made mixes only for the earth buildings that he renovated himself in Southern Estonia. Over the years, he has visited more than twenty countries and studied and researched their traditions of using natural materials. Today, UKU Pure Earth products are exported to more than 30 countries.<\/p>\n\n\n\n<p class=\"wp-el\">He is inspired by nature and the people with whom he creates products from nature. His new home was completed last year, with both light earth and hempcrete techniques used in the construction of the exterior and interior walls. He now kindly shares his experiences and skills with the participants of the Nature Building Festival.<\/p>\n\n<\/div><div class=\"col-media clearfix col-12 col-lg-6 col-xl-6 offset-xl-1\"><div class=\"swiper-container-outer position-relative\"><div class=\"swiper-container\"><div class=\" swiper-wrapper\"><div class=\"swiper-slide\"><img loading=\"lazy\" decoding=\"async\" width=\"640\" height=\"528\" src=\"https:\/\/eestimaaehitus.ee\/wp-content\/uploads\/fly-images\/3667\/Marko-Kikas-1-640x528-c.jpg\" class=\"attachment-img-640x528\" alt=\"Marko Kikas\" \/><div class=\"img-alt-txt\">Marko Kikas \/ Photo: \u00a9 <a href=\"https:\/\/uku.eu\/\" target=\"_blank\" rel=\"noopener\">UKU Pure Earth<\/a><\/div><\/div><\/div><\/div><div class=\"swiper-button-prev\"><svg width=\"12\" height=\"12\" viewBox=\"0 0 12 12\" fill=\"none\" xmlns=\"http:\/\/www.w3.org\/2000\/svg\"><path d=\"M8.25 0.75L3 6L8.25 11.25\" stroke=\"#262930\"\/><\/svg><\/div><div class=\"swiper-button-next\"><svg width=\"12\" height=\"12\" viewBox=\"0 0 12 12\" fill=\"none\" xmlns=\"http:\/\/www.w3.org\/2000\/svg\"><path d=\"M3.75 0.75L9 6L3.75 11.25\" stroke=\"#262930\"\/><\/svg><\/div><\/div><\/div><\/div><\/div>\n\n<div id=\"acf-block_86f0d0614e27a729db98bbae5f14b92d\" class=\"acf-block-element block-txtmedia wide-img color-default\"><div class=\"row row-grid\"><div class=\"col-content col-12 col-lg-6 col-xl-5 order-1 offset-xl-1 align-self-start\">\n\n<h3 class=\"wp-block-heading wp-el\">Decorative techniques with Guy Valentine<\/h3>\n\n\n\n<p class=\"wp-el\"><\/p>\n\n\n\n<p class=\"wp-el\">Using different natural mixtures, shades and techniques, you can finish entire wall, ceiling and floor surfaces or add personality and decorative elements to already finished surfaces.<\/p>\n\n\n\n<p class=\"wp-el\">This time, together with Guy, we will focus on lime-based mixtures, because the finished group work remains open to weather conditions. Participants can test and get to know materials and techniques on smaller surfaces to begin with, but as a joint effort we will realize something much bigger.<\/p>\n\n\n\n<p class=\"wp-el\">The Mooste Manor complex consists mainly of powerful stone buildings built in the late 19th and early 20th centuries. However, a few &#8220;legacies&#8221; of the Soviet era have also gotten lost among them. One of them is the body of the silo tower, which underwent sanitary repair last year, and whose outer wall is like a canvas, begging for some colors and patterns.<\/p>\n\n<\/div><div class=\"col-media clearfix col-12 col-lg-6 col-xl-6\"><div class=\"swiper-container-outer position-relative\"><div class=\"swiper-container\"><div class=\" swiper-wrapper\"><div class=\"swiper-slide\"><img loading=\"lazy\" decoding=\"async\" width=\"640\" height=\"528\" src=\"https:\/\/eestimaaehitus.ee\/wp-content\/uploads\/fly-images\/3990\/Rammed-earth-finish-Guy-Valentine-640x528-c.jpg\" class=\"attachment-img-640x528\" alt=\"Rammed earth finish Guy Valentine\" \/><div class=\"img-alt-txt\">Material: clay plaster rammed earth effect finish \/ Applied by: Guy Valentine \/ Photo: \u00a9 <a href=\"https:\/\/guyvalentine.com\/\" target=\"_blank\" rel=\"noopener\">Guy Valntine Ltd<\/a><\/div><\/div><\/div><\/div><div class=\"swiper-button-prev\"><svg width=\"12\" height=\"12\" viewBox=\"0 0 12 12\" fill=\"none\" xmlns=\"http:\/\/www.w3.org\/2000\/svg\"><path d=\"M8.25 0.75L3 6L8.25 11.25\" stroke=\"#262930\"\/><\/svg><\/div><div class=\"swiper-button-next\"><svg width=\"12\" height=\"12\" viewBox=\"0 0 12 12\" fill=\"none\" xmlns=\"http:\/\/www.w3.org\/2000\/svg\"><path d=\"M3.75 0.75L9 6L3.75 11.25\" stroke=\"#262930\"\/><\/svg><\/div><\/div><\/div><\/div><\/div>\n\n<div id=\"acf-block_7ee9fb0e7ea841d4247c12b3077993bd\" class=\"acf-block-element block-txtmedia wide-img color-default\"><div class=\"row row-grid\"><div class=\"col-content col-12 col-lg-6 col-xl-5 align-self-start\">\n\n<h3 class=\"wp-block-heading wp-el\">Guy Valentine<\/h3>\n\n\n\n<p class=\"wp-el\"><\/p>\n\n\n\n<p class=\"wp-el\">Guy Valentine has been creating natural surface finishes since 2010. He prefers to work with clay, lime and tadelakt. Guy is based in London and works internationally (Hong Kong, Belgium, UAE, The Kingdom of Saudi Arabia, Malaysia, Qatar, Nigeria, Bahrain, Denmark, Italy, Austria, Spain, Crete, Nigeria etc). <\/p>\n\n\n\n<p class=\"wp-el\">He has been collaborating with many internationally renowned design and architecture companies such as <a href=\"https:\/\/www.snohetta.com\/\" target=\"_blank\" rel=\"noreferrer noopener\">Sn\u00f8hetta<\/a> (Norway), <a href=\"https:\/\/lambsandlions.com\/\" target=\"_blank\" rel=\"noreferrer noopener\">Lambs and Lions<\/a> (Berlin),&nbsp;<a href=\"http:\/\/www.neriandhu.com\/en\" target=\"_blank\" rel=\"noreferrer noopener\">Neri&amp;Hu<\/a>&nbsp;(Shanghai), <a href=\"https:\/\/www.heatherwick.com\/\" target=\"_blank\" rel=\"noreferrer noopener\">Thomas Heatherwick<\/a> and <a href=\"https:\/\/www.andysturgeon.com\/\" target=\"_blank\" rel=\"noreferrer noopener\">Andy Sturgeon<\/a> (UK). <\/p>\n\n\n\n<p class=\"wp-el\">Key achievements and partnerships: <a href=\"https:\/\/www.andysturgeon.com\/gardens\/rhs-chelsea-flower-show-2022\/\" target=\"_blank\" rel=\"noreferrer noopener\">Gold medal &#8211; Andy Sturgeon&#8217;s Mind Garden, Chelsea Flower Show 2022<\/a>; <a href=\"https:\/\/guyvalentine.com\/award-winning-projects\/#jp-carousel-1303\" target=\"_blank\" rel=\"noreferrer noopener\">Surface Design Award (Best Retail Interior) 2019 London<\/a>; Hattusa project, design by Inan Gokcek &#8211; <a href=\"https:\/\/guyvalentine.com\/award-winning-projects\/#jp-carousel-1273\" target=\"_blank\" rel=\"noreferrer noopener\">A&#8217;DESIGN AWARD WINNER, Interior Space and Exhibition Design Category, 2018<\/a>.<\/p>\n\n<\/div><div class=\"col-media clearfix col-12 col-lg-6 col-xl-6 offset-xl-1\"><div class=\"swiper-container-outer position-relative\"><div class=\"swiper-container\"><div class=\" swiper-wrapper\"><div class=\"swiper-slide\"><img loading=\"lazy\" decoding=\"async\" width=\"640\" height=\"528\" src=\"https:\/\/eestimaaehitus.ee\/wp-content\/uploads\/fly-images\/3727\/Guy_Valentine-_-640x528-c.jpg\" class=\"attachment-img-640x528\" alt=\"Guy_Valentine _\" \/><div class=\"img-alt-txt\">Guy Valentine carving clay wall at Hattusa Restaurant in Kent \/ Photo: \u00a9 <a href=\"https:\/\/guyvalentine.com\/\" target=\"_blank\" rel=\"noopener\">Guy Valntine Ltd<\/a><\/div><\/div><\/div><\/div><div class=\"swiper-button-prev\"><svg width=\"12\" height=\"12\" viewBox=\"0 0 12 12\" fill=\"none\" xmlns=\"http:\/\/www.w3.org\/2000\/svg\"><path d=\"M8.25 0.75L3 6L8.25 11.25\" stroke=\"#262930\"\/><\/svg><\/div><div class=\"swiper-button-next\"><svg width=\"12\" height=\"12\" viewBox=\"0 0 12 12\" fill=\"none\" xmlns=\"http:\/\/www.w3.org\/2000\/svg\"><path d=\"M3.75 0.75L9 6L3.75 11.25\" stroke=\"#262930\"\/><\/svg><\/div><\/div><\/div><\/div><\/div>\n\n<div id=\"acf-block_4b13aae92f4d00890414f3fdea160a50\" class=\"acf-block-element block-txtmedia wide-img color-default\"><div class=\"row row-grid\"><div class=\"col-content col-12 col-lg-6 col-xl-5 order-1 offset-xl-1 align-self-start\">\n\n<h3 class=\"wp-block-heading wp-el\">Natural finishes with Saulius Jackevi\u010dius<\/h3>\n\n\n\n<p class=\"wp-el\"><\/p>\n\n\n\n<p class=\"wp-el\">Saulius Jackevi\u010dius focuses on three topics during the practical trainings of the Nature Building Festival: <\/p>\n\n\n\n<p class=\"wp-el\"><strong>Luxurious finish with lime fine finish plaster<\/strong> &#8211; Marmorino and other lime fine finish plasters. Various application techniques and tools. Surface treatment with soap and lime water, surface protection with wax.<\/p>\n\n\n\n<p class=\"wp-el\"><strong>Art on the clay floor <\/strong>&#8211; demo of the application of the finishing layer and polishing of the clay floor, surface treatment with various oils, polishing with wax, applying images to the clay floor. <\/p>\n\n\n\n<p class=\"wp-el\"><strong>Traditional and historical natural paints<\/strong> &#8211; use of paints, decorative techniques, modern whitewash.<\/p>\n\n<\/div><div class=\"col-media clearfix col-12 col-lg-6 col-xl-6\"><div class=\"swiper-container-outer position-relative\"><div class=\"swiper-container\"><div class=\" swiper-wrapper\"><div class=\"swiper-slide\"><img loading=\"lazy\" decoding=\"async\" width=\"640\" height=\"528\" src=\"https:\/\/eestimaaehitus.ee\/wp-content\/uploads\/fly-images\/3996\/Clay-floor-Saulius-Jackevicius-Natural-Building-Festival-640x528-c.jpg\" class=\"attachment-img-640x528\" alt=\"Clay floor Saulius Jackevi\u010dius Natural Building Festival.jpg\" \/><div class=\"img-alt-txt\">Decorated clay floor by Saulius Jackevi\u010dius \/ Photo: \u00a9 <a href=\"https:\/\/www.facebook.com\/media\/set\/?set=a.2487546311273800&#038;type=3\" target=\"_blank\" rel=\"noopener\">Saulius Jackevi\u010dius<\/a><\/div><\/div><\/div><\/div><div class=\"swiper-button-prev\"><svg width=\"12\" height=\"12\" viewBox=\"0 0 12 12\" fill=\"none\" xmlns=\"http:\/\/www.w3.org\/2000\/svg\"><path d=\"M8.25 0.75L3 6L8.25 11.25\" stroke=\"#262930\"\/><\/svg><\/div><div class=\"swiper-button-next\"><svg width=\"12\" height=\"12\" viewBox=\"0 0 12 12\" fill=\"none\" xmlns=\"http:\/\/www.w3.org\/2000\/svg\"><path d=\"M3.75 0.75L9 6L3.75 11.25\" stroke=\"#262930\"\/><\/svg><\/div><\/div><\/div><\/div><\/div>\n\n<div id=\"acf-block_e912d789446dfbdeee4230ba0aec5288\" class=\"acf-block-element block-txtmedia wide-img color-default\"><div class=\"row row-grid\"><div class=\"col-content col-12 col-lg-6 col-xl-5 align-self-start\">\n\n<h3 class=\"wp-block-heading wp-el\">Saulius Jackevi\u010dius<\/h3>\n\n\n\n<p class=\"wp-el\"><\/p>\n\n\n\n<p class=\"wp-el\">Saulius Jackevi\u010dius is from Lithuania and his friendship with paints and finishes started back in 1995 and continues to this day.<\/p>\n\n\n\n<p class=\"wp-el\">For the last 15 years he has produced and worked only with clay, lime and other natural materials. He is the founder of <a href=\"https:\/\/www.facebook.com\/profile.php?id=100064021033046\" target=\"_blank\" rel=\"noreferrer noopener\">Saulius Natural Paints<\/a>, and <a href=\"https:\/\/www.facebook.com\/molio.asla\" target=\"_blank\" rel=\"noreferrer noopener\">Molio Asla<\/a>,  a clay floor application company. He performs finishing works and teaches it to others.<\/p>\n\n\n\n<p class=\"wp-el\">Saulius has developed modern clay floor installation technology. In addition, he is the author of an experimental clay therapy program.<\/p>\n\n<\/div><div class=\"col-media clearfix col-12 col-lg-6 col-xl-6 offset-xl-1\"><div class=\"swiper-container-outer position-relative\"><div class=\"swiper-container\"><div class=\" swiper-wrapper\"><div class=\"swiper-slide\"><img loading=\"lazy\" decoding=\"async\" width=\"640\" height=\"528\" src=\"https:\/\/eestimaaehitus.ee\/wp-content\/uploads\/fly-images\/3706\/Saulius-640x528-c.jpg\" class=\"attachment-img-640x528\" alt=\"Saulius Jackevi\u010dius \/ Photo: \u00a9 Saulius Jackevi\u010dius\" \/><div class=\"img-alt-txt\">Saulius Jackevi\u010dius \/ Photo: \u00a9 <a href=\"https:\/\/www.facebook.com\/media\/set\/?set=a.2487546311273800&#038;type=3\" target=\"_blank\" rel=\"noopener\">Saulius Jackevi\u010dius<\/a><\/div><\/div><\/div><\/div><div class=\"swiper-button-prev\"><svg width=\"12\" height=\"12\" viewBox=\"0 0 12 12\" fill=\"none\" xmlns=\"http:\/\/www.w3.org\/2000\/svg\"><path d=\"M8.25 0.75L3 6L8.25 11.25\" stroke=\"#262930\"\/><\/svg><\/div><div class=\"swiper-button-next\"><svg width=\"12\" height=\"12\" viewBox=\"0 0 12 12\" fill=\"none\" xmlns=\"http:\/\/www.w3.org\/2000\/svg\"><path d=\"M3.75 0.75L9 6L3.75 11.25\" stroke=\"#262930\"\/><\/svg><\/div><\/div><\/div><\/div><\/div>\n\n<div id=\"acf-block_64e1d94adb66c196d61f529010b289db\" class=\"acf-block-element block-txtmedia wide-img color-default\"><div class=\"row row-grid\"><div class=\"col-content col-12 col-lg-6 col-xl-5 order-1 offset-xl-1 align-self-start\">\n\n<h3 class=\"wp-block-heading wp-el\">Natural design with Andrus Needo and Hannah Segerkrantz<\/h3>\n\n\n\n<p class=\"wp-el\"><\/p>\n\n\n\n<p class=\"wp-el\">In addition to the usual construction and finishing, it is also possible to create various design elements using clay, lime and natural fibers.<\/p>\n\n\n\n<p class=\"wp-el\">While Marko Kikas teaches at the Natural Building Festival how to use hempcrete as an insulation material, Hannah Segerkrantz has chosen this material to make design elements. Her distinct and environmentally friendly creations are born under the brand name <a href=\"https:\/\/hannahsegerkrantz.com\/kiukivi\" target=\"_blank\" rel=\"noreferrer noopener\">kiukivi<\/a> (fiber stone), and she kindly shares her knowledge and skills with participants in the festival&#8217;s workshops.<\/p>\n\n\n\n<p class=\"wp-el\">Objects created of hempcrete are very suitable for display in their original form, but they can also be finished with natural plasters. This is where the skills of plaster master Andrus Needo come into play, who teaches how to finish natural design elements.<\/p>\n\n<\/div><div class=\"col-media clearfix col-12 col-lg-6 col-xl-6\"><div class=\"swiper-container-outer position-relative\"><div class=\"swiper-container\"><div class=\" swiper-wrapper\"><div class=\"swiper-slide\"><img loading=\"lazy\" decoding=\"async\" width=\"640\" height=\"528\" src=\"https:\/\/eestimaaehitus.ee\/wp-content\/uploads\/fly-images\/3998\/Natural-design-640x528-c.jpg\" class=\"attachment-img-640x528\" alt=\"Natural design hempcrete tadelakt venetian plaster\" \/><div class=\"img-alt-txt\">Materials: <a href=\"https:\/\/hannahsegerkrantz.com\/kiukivi\" target=\"_blank\" rel=\"noopener\">Kiukivi<\/a>, raw hempcrete design elements above and finished with tadelakt bottom right by Hannah Segerkrantz \/ A pouf finished with Venetian plaster by Andrus Needo bottom left \/ Photos: \u00a9 <a href=\"https:\/\/hannahsegerkrantz.com\" target=\"_blank\" rel=\"noopener\">Hannah Segerkrantz<\/a>, <a href=\"https:\/\/www.instagram.com\/kaisanele\/\" target=\"_blank\" rel=\"noopener\">Kaisa Nele Hendla<\/a> ja <a href=\"https:\/\/krohwin.ee\/\" target=\"_blank\" rel=\"noopener\">Krohwin O\u00dc<\/a><\/div><\/div><\/div><\/div><div class=\"swiper-button-prev\"><svg width=\"12\" height=\"12\" viewBox=\"0 0 12 12\" fill=\"none\" xmlns=\"http:\/\/www.w3.org\/2000\/svg\"><path d=\"M8.25 0.75L3 6L8.25 11.25\" stroke=\"#262930\"\/><\/svg><\/div><div class=\"swiper-button-next\"><svg width=\"12\" height=\"12\" viewBox=\"0 0 12 12\" fill=\"none\" xmlns=\"http:\/\/www.w3.org\/2000\/svg\"><path d=\"M3.75 0.75L9 6L3.75 11.25\" stroke=\"#262930\"\/><\/svg><\/div><\/div><\/div><\/div><\/div>\n\n<div id=\"acf-block_07ccb23e58c643b9689018d97ca75e06\" class=\"acf-block-element block-txtmedia wide-img color-default\"><div class=\"row row-grid\"><div class=\"col-content col-12 col-lg-6 col-xl-5 align-self-start\">\n\n<h3 class=\"wp-block-heading wp-el\">Andrus Needo and Hannah Segerkrantz<\/h3>\n\n\n\n<p class=\"wp-el\"><\/p>\n\n\n\n<p class=\"wp-el\">Andrus Needo is the founder, CEO, craftsman, trainer and restorer of  <a href=\"https:\/\/krohwin.ee\/\" target=\"_blank\" rel=\"noreferrer noopener\">Krohwin O\u00dc<\/a>. He graduated from Pallas University of Applied Sciences in sculpture, and has been familiar with clay for almost twenty years. The material, which can be shaped endlessly, sparked a curiosity to discover the hidden potential in natural finishes. Andrus is especially fascinated by projects where, in addition to natural plasters, artistic knowledge and innovative ideas, which have not been tried in Estonia before, can be launched.<\/p>\n\n\n\n<p class=\"wp-el\">With an interest for the relation between human and its surroundings, <a href=\"https:\/\/hannahsegerkrantz.com\/\" target=\"_blank\" rel=\"noreferrer noopener\">Hannah Segerkrantz<\/a> specialises in design and material research, combining values of ecology, craftsmanship and democratic design. Her approach to research is environmental, sensitive and contextual. Whether exploring the cultural background and gestures of architectural materials, or studying the relations between objects, people and local traditions, she offers tools and means for bridging our connection with the environments we inhabit.<\/p>\n\n\n\n<p class=\"wp-el\"><\/p>\n\n<\/div><div class=\"col-media clearfix col-12 col-lg-6 col-xl-6 offset-xl-1\"><div class=\"swiper-container-outer position-relative\"><div class=\"swiper-container\"><div class=\" swiper-wrapper\"><div class=\"swiper-slide\"><img loading=\"lazy\" decoding=\"async\" width=\"640\" height=\"528\" src=\"https:\/\/eestimaaehitus.ee\/wp-content\/uploads\/fly-images\/4249\/Andrus-Needo-Hannah-Segerkrantz-3-640x528-c.jpg\" class=\"attachment-img-640x528\" alt=\"Andrus Needo &amp; Hannah Segerkrantz  \/ Photos: \u00a9 Eestimaaehitus, Kaisa Nele Hendla\" \/><div class=\"img-alt-txt\">Andrus Needo &#038; Hannah Segerkrantz  \/ Photos: \u00a9 <a href=\"https:\/\/eme.ee\" target=\"_blank\" rel=\"noopener\">Eestimaaehitus<\/a>, <a href=\"https:\/\/www.instagram.com\/kaisanele\/\" target=\"_blank\" rel=\"noopener\">Kaisa Nele Hendla<\/a><\/div><\/div><\/div><\/div><div class=\"swiper-button-prev\"><svg width=\"12\" height=\"12\" viewBox=\"0 0 12 12\" fill=\"none\" xmlns=\"http:\/\/www.w3.org\/2000\/svg\"><path d=\"M8.25 0.75L3 6L8.25 11.25\" stroke=\"#262930\"\/><\/svg><\/div><div class=\"swiper-button-next\"><svg width=\"12\" height=\"12\" viewBox=\"0 0 12 12\" fill=\"none\" xmlns=\"http:\/\/www.w3.org\/2000\/svg\"><path d=\"M3.75 0.75L9 6L3.75 11.25\" stroke=\"#262930\"\/><\/svg><\/div><\/div><\/div><\/div><\/div>\n\n<div id=\"acf-block_e58a88a1036c12aa373c70e9574ff81c\" class=\"acf-block-element block-txtmedia wide-img color-default\"><div class=\"row row-grid\"><div class=\"col-content col-12 col-lg-6 col-xl-5 order-1 offset-xl-1 align-self-start\">\n\n<h3 class=\"wp-block-heading wp-el\">Clay art with Ulla Phillips<\/h3>\n\n\n\n<p class=\"wp-el\"><\/p>\n\n\n\n<p class=\"wp-el\">On the first day of the Natural Building Festival, Ulla, together with her helpers, realizes a previously prepared clay artwork on one of the walls of the Eestimaaehitus building.<\/p>\n\n\n\n<p class=\"wp-el\">In the following days, she will present her work and teach the participants the same techniques she has used in her artwork.<\/p>\n\n\n\n<p class=\"wp-el\">As a material, she uses a thin wood fiber board, which she finishes with various fine finish clay plasters, putties and paints. In addition, she uses various decorative techniques such as sgraffito and intarsia.<\/p>\n\n\n\n<p class=\"wp-el\">Participants can test the taught techniques on thin fiberboards and take the completed work with them if they wish.<\/p>\n\n\n\n<p class=\"wp-el\">This workshop is also suitable for children.<\/p>\n\n<\/div><div class=\"col-media clearfix col-12 col-lg-6 col-xl-6\"><div class=\"swiper-container-outer position-relative\"><div class=\"swiper-container\"><div class=\" swiper-wrapper\"><div class=\"swiper-slide\"><img loading=\"lazy\" decoding=\"async\" width=\"640\" height=\"528\" src=\"https:\/\/eestimaaehitus.ee\/wp-content\/uploads\/fly-images\/4013\/Clay-art-Ulla-Phillips-640x528-c.jpg\" class=\"attachment-img-640x528\" alt=\"Clay art Ulla Phillips\" \/><div class=\"img-alt-txt\">Ulla Phillips making sgraffito on clay plaster \/ Photo: \u00a9 <a href=\"https:\/\/www.instagram.com\/grrreen_sustainable_art\/\" target=\"_blank\" rel=\"noopener\">Ulla Phillips<\/a><\/div><\/div><\/div><\/div><div class=\"swiper-button-prev\"><svg width=\"12\" height=\"12\" viewBox=\"0 0 12 12\" fill=\"none\" xmlns=\"http:\/\/www.w3.org\/2000\/svg\"><path d=\"M8.25 0.75L3 6L8.25 11.25\" stroke=\"#262930\"\/><\/svg><\/div><div class=\"swiper-button-next\"><svg width=\"12\" height=\"12\" viewBox=\"0 0 12 12\" fill=\"none\" xmlns=\"http:\/\/www.w3.org\/2000\/svg\"><path d=\"M3.75 0.75L9 6L3.75 11.25\" stroke=\"#262930\"\/><\/svg><\/div><\/div><\/div><\/div><\/div>\n\n<div id=\"acf-block_b4e9dca766ae4d25a38067ee82759cfc\" class=\"acf-block-element block-txtmedia wide-img color-default\"><div class=\"row row-grid\"><div class=\"col-content col-12 col-lg-6 col-xl-5 align-self-start\">\n\n<h3 class=\"wp-block-heading wp-el\">Ulla Phillips<\/h3>\n\n\n\n<p class=\"wp-el\"><\/p>\n\n\n\n<p class=\"wp-el\">Ever since she was a small child, Ulla has been passionate about colors. She wanted to become an illustrator, and this dream came true, because, among other things, she has done both graphic design and illustrations.<\/p>\n\n\n\n<p class=\"wp-el\">In 2000 she graduated from the Kupio Academy of Design with a degree in ceramic design, although even then she was more fascinated by surfaces and textures than form. In 2021, she read an article about earth building, and then everything changed. It was something new and very captivating for her, especially clay plasters.<\/p>\n\n\n\n<p class=\"wp-el\">Today Ulla lives in Nummela, Finland, and works in her upstairs studio. She has recently graduated from the Raseko Vocational School in earth building and found her true calling, creating pictures, stories and worlds, large and small, with homemade clay plasters and paints. In 2023, she founded her own company &#8211; <a href=\"https:\/\/www.instagram.com\/grrreen_sustainable_art\/\" target=\"_blank\" rel=\"noreferrer noopener\">Grrreen!<\/a><\/p>\n\n<\/div><div class=\"col-media clearfix col-12 col-lg-6 col-xl-6 offset-xl-1\"><div class=\"swiper-container-outer position-relative\"><div class=\"swiper-container\"><div class=\" swiper-wrapper\"><div class=\"swiper-slide\"><img loading=\"lazy\" decoding=\"async\" width=\"640\" height=\"528\" src=\"https:\/\/eestimaaehitus.ee\/wp-content\/uploads\/fly-images\/3733\/Ulla-Phillips-640x528-c.jpg\" class=\"attachment-img-640x528\" alt=\"Ulla Phillips\" \/><div class=\"img-alt-txt\">Ulla Phillips \/ Photo: \u00a9 <a href=\"https:\/\/www.instagram.com\/grrreen_sustainable_art\/\" target=\"_blank\" rel=\"noopener\">Ulla Phillips<\/a><\/div><\/div><\/div><\/div><div class=\"swiper-button-prev\"><svg width=\"12\" height=\"12\" viewBox=\"0 0 12 12\" fill=\"none\" xmlns=\"http:\/\/www.w3.org\/2000\/svg\"><path d=\"M8.25 0.75L3 6L8.25 11.25\" stroke=\"#262930\"\/><\/svg><\/div><div class=\"swiper-button-next\"><svg width=\"12\" height=\"12\" viewBox=\"0 0 12 12\" fill=\"none\" xmlns=\"http:\/\/www.w3.org\/2000\/svg\"><path d=\"M3.75 0.75L9 6L3.75 11.25\" stroke=\"#262930\"\/><\/svg><\/div><\/div><\/div><\/div><\/div>\n\n<div id=\"acf-block_0872ee9f41fb35581ec21e9053f2446a\" class=\"acf-block-element block-txtmedia wide-img color-default\"><div class=\"row row-grid\"><div class=\"col-content col-12 col-lg-6 col-xl-5 order-1 offset-xl-1 align-self-start\">\n\n<h3 class=\"wp-block-heading wp-el\">Decorative clay plaster application with Martin H\u00fctt<\/h3>\n\n\n\n<p class=\"wp-el\"><\/p>\n\n\n\n<p class=\"wp-el\">Colored decorative clay plasters are an elegant way to finish any full plastering system (clay, lime, gypsum, cement). The soft and warm clay tones of the decorative plaster create a cozy environment in both historical and modern interiors.<\/p>\n\n\n\n<p class=\"wp-el\">Also the application on drywalls is more environmentally friendly and quicker than usual gypsum fillers, plasters and paint, no sanding or additional paint layer is needed. <\/p>\n\n\n\n<p class=\"wp-el\">Decorative natural additives, such as marble, straw, flax, seashell, fuchsite, crystals and precious stones, provide an opportunity to create an even more personal finish.  <\/p>\n\n<\/div><div class=\"col-media clearfix col-12 col-lg-6 col-xl-6\"><div class=\"swiper-container-outer position-relative\"><div class=\"swiper-container\"><div class=\" swiper-wrapper\"><div class=\"swiper-slide\"><img loading=\"lazy\" decoding=\"async\" width=\"640\" height=\"528\" src=\"https:\/\/eestimaaehitus.ee\/wp-content\/uploads\/fly-images\/4405\/Decorative-clay-plaster-with-mica-additive-1-640x528-c.jpg\" class=\"attachment-img-640x528\" alt=\"Decorative clay plaster with mica additive\" \/><div class=\"img-alt-txt\">Decorative clay plaster with mica additive \/ Photo: \u00a9 <a href=\"https:\/\/uku.eu\/\" target=\"_blank\" rel=\"noopener\">UKU Pure Earth<\/a><\/div><\/div><\/div><\/div><div class=\"swiper-button-prev\"><svg width=\"12\" height=\"12\" viewBox=\"0 0 12 12\" fill=\"none\" xmlns=\"http:\/\/www.w3.org\/2000\/svg\"><path d=\"M8.25 0.75L3 6L8.25 11.25\" stroke=\"#262930\"\/><\/svg><\/div><div class=\"swiper-button-next\"><svg width=\"12\" height=\"12\" viewBox=\"0 0 12 12\" fill=\"none\" xmlns=\"http:\/\/www.w3.org\/2000\/svg\"><path d=\"M3.75 0.75L9 6L3.75 11.25\" stroke=\"#262930\"\/><\/svg><\/div><\/div><\/div><\/div><\/div>\n\n<div id=\"acf-block_4e0a838cea1be60a8488eba03f082f1a\" class=\"acf-block-element block-txtmedia wide-img color-default\"><div class=\"row row-grid\"><div class=\"col-content col-12 col-lg-6 col-xl-5 align-self-start\">\n\n<h3 class=\"wp-block-heading wp-el\">Martin H\u00fctt<\/h3>\n\n\n\n<p class=\"wp-el\"><\/p>\n\n\n\n<p class=\"wp-el\">Martin H\u00fctt is a the founder, CEO, trainer and plasterer of <a href=\"https:\/\/www.instagram.com\/stuko_est\/\" target=\"_blank\" rel=\"noreferrer noopener\">Stuko O\u00dc<\/a>. He has long-term experience in the production and development of natural materials. <\/p>\n\n\n\n<p class=\"wp-el\">Today he is mainly devoted to fine finishing and decorative works with clay and lime plasters. His favorites include Venetian plaster and tadelakt.<\/p>\n\n\n\n<p class=\"wp-el\">On the first day of the Nature Building Festival, he teaches how to apply decorative clay plasters.<\/p>\n\n\n\n<p class=\"wp-el\">On the second and third day, he will assist Guy Valentine and advises you on the topic of natural materials and finishing if you wish.<\/p>\n\n<\/div><div class=\"col-media clearfix col-12 col-lg-6 col-xl-6 offset-xl-1\"><div class=\"swiper-container-outer position-relative\"><div class=\"swiper-container\"><div class=\" swiper-wrapper\"><div class=\"swiper-slide\"><img loading=\"lazy\" decoding=\"async\" width=\"640\" height=\"528\" src=\"https:\/\/eestimaaehitus.ee\/wp-content\/uploads\/fly-images\/4377\/Martin-Hutt-640x528-c.jpg\" class=\"attachment-img-640x528\" alt=\"Martin H\u00fctt\" \/><div class=\"img-alt-txt\">Martin H\u00fctt giving training course \/ Photo: \u00a9 <a href=\"https:\/\/eme.ee\" target=\"_blank\" rel=\"noopener\">Eestimaaehitus<\/a><\/div><\/div><\/div><\/div><div class=\"swiper-button-prev\"><svg width=\"12\" height=\"12\" viewBox=\"0 0 12 12\" fill=\"none\" xmlns=\"http:\/\/www.w3.org\/2000\/svg\"><path d=\"M8.25 0.75L3 6L8.25 11.25\" stroke=\"#262930\"\/><\/svg><\/div><div class=\"swiper-button-next\"><svg width=\"12\" height=\"12\" viewBox=\"0 0 12 12\" fill=\"none\" xmlns=\"http:\/\/www.w3.org\/2000\/svg\"><path d=\"M3.75 0.75L9 6L3.75 11.25\" stroke=\"#262930\"\/><\/svg><\/div><\/div><\/div><\/div><\/div>\n\n<div id=\"acf-block_74e99202c0ddb904f77761ee8d818818\" class=\"acf-block-element block-txtmedia wide-img color-default\"><div class=\"row row-grid\"><div class=\"col-content col-12 col-lg-6 col-xl-5 order-1 offset-xl-1 align-self-start\">\n\n<h3 class=\"wp-block-heading wp-el\">Clay plaster stencil designs with Anvar Valge<\/h3>\n\n\n\n<p class=\"wp-el\">Colored decorative clay plasters are usually used for finishing walls, ceilings, ovens and decorative elements in dry rooms indoors.<\/p>\n\n\n\n<p class=\"wp-el\">For those who want to add even more personality to their finishing surfaces, can use various decorative techniques.<\/p>\n\n\n\n<p class=\"wp-el\">In his workshops, Anvar teaches how to make stencil design with colored decorative clay plasters.<\/p>\n\n\n\n<p class=\"wp-el\">This workshop is also suitable for children.<\/p>\n\n<\/div><div class=\"col-media clearfix col-12 col-lg-6 col-xl-6\"><div class=\"swiper-container-outer position-relative\"><div class=\"swiper-container\"><div class=\" swiper-wrapper\"><div class=\"swiper-slide\"><img loading=\"lazy\" decoding=\"async\" width=\"640\" height=\"528\" src=\"https:\/\/eestimaaehitus.ee\/wp-content\/uploads\/fly-images\/4021\/Clay-plaster-stencil-design-640x528-c.jpg\" class=\"attachment-img-640x528\" alt=\"Clay plaster stencil design\" \/><div class=\"img-alt-txt\">Clay plaster stencil design \/ Photo: \u00a9 <a href=\"https:\/\/eme.ee\" target=\"_blank\" rel=\"noopener\">Eestimaaehitus<\/a><\/div><\/div><\/div><\/div><div class=\"swiper-button-prev\"><svg width=\"12\" height=\"12\" viewBox=\"0 0 12 12\" fill=\"none\" xmlns=\"http:\/\/www.w3.org\/2000\/svg\"><path d=\"M8.25 0.75L3 6L8.25 11.25\" stroke=\"#262930\"\/><\/svg><\/div><div class=\"swiper-button-next\"><svg width=\"12\" height=\"12\" viewBox=\"0 0 12 12\" fill=\"none\" xmlns=\"http:\/\/www.w3.org\/2000\/svg\"><path d=\"M3.75 0.75L9 6L3.75 11.25\" stroke=\"#262930\"\/><\/svg><\/div><\/div><\/div><\/div><\/div>\n\n<div id=\"acf-block_a519e4b98d61c53928acdbecdcd07bc3\" class=\"acf-block-element block-txtmedia wide-img color-default\"><div class=\"row row-grid\"><div class=\"col-content col-12 col-lg-6 col-xl-5 align-self-start\">\n\n<h3 class=\"wp-block-heading wp-el\">Anvar Valge<\/h3>\n\n\n\n<p class=\"wp-el\"><\/p>\n\n\n\n<p class=\"wp-el\">Anvar Valge is the founder, CEO, master and trainer of <a href=\"https:\/\/viimistluse.ee\/\" target=\"_blank\" rel=\"noreferrer noopener\">A-Viimistluse O\u00dc<\/a>. He has been engaged with interior finishing works since the mid-90s, and using natural materials since 2006, when he founded A-Viimistluse O\u00dc.<\/p>\n\n\n\n<p class=\"wp-el\">Anvar especially likes to work with clay and lime fine finish plasters and putties. His specialties also include the installation of tadelakt and other polished lime finishing plasters.<\/p>\n\n\n\n<p class=\"wp-el\">In addition, he prepares and finishes handmade sinks, lighting and other interior design elements on a project basis, and many stoves and fireplaces have also received a natural decorative finish under his hands.<\/p>\n\n\n\n<p class=\"wp-el\">However, Anvar&#8217;s special passion is stencil design with clay plaster, and that is exactly what he teaches to participants at the Natural Building Festival.<\/p>\n\n<\/div><div class=\"col-media clearfix col-12 col-lg-6 col-xl-6 offset-xl-1\"><div class=\"swiper-container-outer position-relative\"><div class=\"swiper-container\"><div class=\" swiper-wrapper\"><div class=\"swiper-slide\"><img loading=\"lazy\" decoding=\"async\" width=\"640\" height=\"528\" src=\"https:\/\/eestimaaehitus.ee\/wp-content\/uploads\/fly-images\/3692\/Anvar-Valge-640x528-c.jpg\" class=\"attachment-img-640x528\" alt=\"Anvar Valge making mandala stencil design with clay plasters \/ Photo: \u00a9 Eestimaaehitus\" \/><div class=\"img-alt-txt\">Anvar Valge making mandala stencil design with clay plasters \/ Photo: \u00a9 <a href=\"https:\/\/eme.ee\" target=\"_blank\" rel=\"noopener\">Eestimaaehitus<\/a><\/div><\/div><\/div><\/div><div class=\"swiper-button-prev\"><svg width=\"12\" height=\"12\" viewBox=\"0 0 12 12\" fill=\"none\" xmlns=\"http:\/\/www.w3.org\/2000\/svg\"><path d=\"M8.25 0.75L3 6L8.25 11.25\" stroke=\"#262930\"\/><\/svg><\/div><div class=\"swiper-button-next\"><svg width=\"12\" height=\"12\" viewBox=\"0 0 12 12\" fill=\"none\" xmlns=\"http:\/\/www.w3.org\/2000\/svg\"><path d=\"M3.75 0.75L9 6L3.75 11.25\" stroke=\"#262930\"\/><\/svg><\/div><\/div><\/div><\/div><\/div>\n\n<div id=\"acf-block_c3616998644cc8739f4488db75ace38a\" class=\"acf-block-element block-txtmedia wide-img color-default\"><div class=\"row row-grid\"><div class=\"col-content col-12 col-lg-6 col-xl-5 order-1 offset-xl-1 align-self-start\">\n\n<h3 class=\"wp-block-heading wp-el\">Consultations, house tour, children&#8217;s area<\/h3>\n\n\n\n<p class=\"wp-el\"><\/p>\n\n\n\n<p class=\"wp-el\">An architect, engineer, interior architect, material specialists, builders and finishers will be present at the Natural Building Festival, and will advise you on your project.<\/p>\n\n\n\n<p class=\"wp-el\">Once a day we give a tour of the Eestimaaehitus building for everyone who wants it. We will talk about the preparations and implementation of the renovation works of the building, get to know more about the solutions used and give an overview of what our organization is doing.<\/p>\n\n\n\n<p class=\"wp-el\">Children are also very welcome to the Natural Building Festival. According to the theme, they can also get their hands really clayey and let their creativity and playfulness fly.<\/p>\n\n<\/div><div class=\"col-media clearfix col-12 col-lg-6 col-xl-6\"><div class=\"swiper-container-outer position-relative\"><div class=\"swiper-container\"><div class=\" swiper-wrapper\"><div class=\"swiper-slide\"><img loading=\"lazy\" decoding=\"async\" width=\"640\" height=\"528\" src=\"https:\/\/eestimaaehitus.ee\/wp-content\/uploads\/fly-images\/4025\/Natural-Building-Festival-consulting-tour-workshop-640x528-c.jpg\" class=\"attachment-img-640x528\" alt=\"Natural Building Festival consulting tour workshop\" \/><div class=\"img-alt-txt\">Consultations, house tour, children&#8217;s area \/ Photos: \u00a9 <a href=\"https:\/\/uku.eu\/\" target=\"_blank\" rel=\"noopener\">Saviukumaja<\/a>, Piret-Liis Carson ja <a href=\"https:\/\/eestimaaehitus.ee\/\">Eestimaaehitus<\/a><\/div><\/div><\/div><\/div><div class=\"swiper-button-prev\"><svg width=\"12\" height=\"12\" viewBox=\"0 0 12 12\" fill=\"none\" xmlns=\"http:\/\/www.w3.org\/2000\/svg\"><path d=\"M8.25 0.75L3 6L8.25 11.25\" stroke=\"#262930\"\/><\/svg><\/div><div class=\"swiper-button-next\"><svg width=\"12\" height=\"12\" viewBox=\"0 0 12 12\" fill=\"none\" xmlns=\"http:\/\/www.w3.org\/2000\/svg\"><path d=\"M3.75 0.75L9 6L3.75 11.25\" stroke=\"#262930\"\/><\/svg><\/div><\/div><\/div><\/div><\/div>\n\n<div id=\"acf-block_99e2eaf2dbda24a5041753d95fac1636\" class=\"acf-block-element block-txtmedia wide-img color-default\"><div class=\"row row-grid\"><div class=\"col-content col-12 col-lg-6 col-xl-5 align-self-start\">\n\n<h3 class=\"wp-block-heading wp-el\">Green forum: natural building and circular economy<\/h3>\n\n\n\n<p class=\"wp-el\"><\/p>\n\n\n\n<p class=\"wp-el\">Green forum in P\u00f5lva County invites you to think and discuss new and sustainable ways to build and design the living environment in a more nature-friendly way. Green forum brings internationally recognized experts to P\u00f5lva County, who share their knowledge and experience and, in cooperation with the audience, look for new ways to live in harmony with nature.<\/p>\n\n\n\n<p class=\"wp-el\">You can listen to inspiring speeches and discussion in the panel discussion, ask questions to the speakers and learn about the latest sustainable building materials. The Green Forum in P\u00f5lva County teaches how to get inspiration from nature, how to use circular economy principles in construction and how to build environmentally friendly.<\/p>\n\n\n\n<p class=\"wp-el\">The detailed schedule and speakers of the Green Forum below.<\/p>\n\n<\/div><div class=\"col-media clearfix col-12 col-lg-6 col-xl-6 offset-xl-1\"><div class=\"swiper-container-outer position-relative\"><div class=\"swiper-container\"><div class=\" swiper-wrapper\"><div class=\"swiper-slide\"><img loading=\"lazy\" decoding=\"async\" width=\"640\" height=\"528\" src=\"https:\/\/eestimaaehitus.ee\/wp-content\/uploads\/fly-images\/3858\/Rohefoorum-Loodusehituse-festival-2023-2-640x528-c.jpg\" class=\"attachment-img-640x528\" alt=\"Rohefoorum Loodusehituse festival 2023\" \/><\/div><\/div><\/div><div class=\"swiper-button-prev\"><svg width=\"12\" height=\"12\" viewBox=\"0 0 12 12\" fill=\"none\" xmlns=\"http:\/\/www.w3.org\/2000\/svg\"><path d=\"M8.25 0.75L3 6L8.25 11.25\" stroke=\"#262930\"\/><\/svg><\/div><div class=\"swiper-button-next\"><svg width=\"12\" height=\"12\" viewBox=\"0 0 12 12\" fill=\"none\" xmlns=\"http:\/\/www.w3.org\/2000\/svg\"><path d=\"M3.75 0.75L9 6L3.75 11.25\" stroke=\"#262930\"\/><\/svg><\/div><\/div><\/div><\/div><\/div>\n\n\n<div style=\"height:100px\" aria-hidden=\"true\" class=\"wp-block-spacer\"><\/div>\n\n\n\n<h2 class=\"wp-block-heading has-text-align-center wp-el\">Presentations at Natural Building Festival 16-18 August<\/h2>\n\n\n\n<div style=\"height:100px\" aria-hidden=\"true\" class=\"wp-block-spacer\"><\/div>\n\n\n\n<div class=\"wp-block-media-text alignwide is-stacked-on-mobile\" style=\"grid-template-columns:15% auto\"><figure class=\"wp-block-media-text__media\"><img loading=\"lazy\" decoding=\"async\" width=\"640\" height=\"640\" src=\"https:\/\/eestimaaehitus.ee\/wp-content\/uploads\/2023\/04\/Guy-Valentine-LEFE-2023.jpg\" alt=\"Guy Valentine LEFE 2023\" class=\"wp-image-3787 size-full\" srcset=\"https:\/\/eestimaaehitus.ee\/wp-content\/uploads\/2023\/04\/Guy-Valentine-LEFE-2023.jpg 640w, https:\/\/eestimaaehitus.ee\/wp-content\/uploads\/2023\/04\/Guy-Valentine-LEFE-2023-416x416.jpg 416w\" sizes=\"auto, (max-width: 640px) 100vw, 640px\" \/><\/figure><div class=\"wp-block-media-text__content\">\n<p class=\"wp-el\"><\/p>\n\n\n\n<h3 class=\"wp-block-heading wp-el\">Guy Valentine<\/h3>\n\n\n\n<p class=\"wp-el\">Guy Valentine is a master finisher who works with natural materials in his eponymous company, <a href=\"https:\/\/guyvalentine.com\/\" target=\"_blank\" rel=\"noreferrer noopener\">Guy Valentine Ltd.<\/a> In addition to the practical training, Guy will also present his award-winning works in different countries at the Natural Building Festival.<\/p>\n<\/div><\/div>\n\n\n\n<p class=\"wp-el\"><\/p>\n\n\n\n<div class=\"wp-block-media-text alignwide is-stacked-on-mobile\" style=\"grid-template-columns:15% auto\"><figure class=\"wp-block-media-text__media\"><img loading=\"lazy\" decoding=\"async\" width=\"640\" height=\"640\" src=\"https:\/\/eestimaaehitus.ee\/wp-content\/uploads\/2023\/04\/Hannes-Praks.jpg\" alt=\"Hannes Praks\" class=\"wp-image-3783 size-full\" srcset=\"https:\/\/eestimaaehitus.ee\/wp-content\/uploads\/2023\/04\/Hannes-Praks.jpg 640w, https:\/\/eestimaaehitus.ee\/wp-content\/uploads\/2023\/04\/Hannes-Praks-416x416.jpg 416w\" sizes=\"auto, (max-width: 640px) 100vw, 640px\" \/><\/figure><div class=\"wp-block-media-text__content\">\n<p class=\"wp-el\"><\/p>\n\n\n\n<h3 class=\"wp-block-heading wp-el\">Hannes Praks<\/h3>\n\n\n\n<p class=\"wp-el\">Hannes Praks is one of the founders of the design studio <a href=\"https:\/\/kuidas.works\/\" target=\"_blank\" rel=\"noreferrer noopener\">kuidas.works<\/a>, which investigates the technologies of earth building and the potential of construction waste, the head of the <a href=\"https:\/\/estonianarchitecture.com\/\" target=\"_blank\" rel=\"noreferrer noopener\">Estonian Centre for Architecture<\/a>, an interior architect, a material designer, and the former head and professor of the interior design department of the <a href=\"https:\/\/www.artun.ee\/en\/home\/\" target=\"_blank\" rel=\"noreferrer noopener\">Estonian Academy of Arts<\/a>. At the Natural Building Festival, Hannes talks about exciting projects of kuidas.works.<\/p>\n<\/div><\/div>\n\n\n\n<p class=\"wp-el\"><\/p>\n\n\n\n<div class=\"wp-block-media-text alignwide is-stacked-on-mobile\" style=\"grid-template-columns:15% auto\"><figure class=\"wp-block-media-text__media\"><img loading=\"lazy\" decoding=\"async\" width=\"1080\" height=\"1080\" src=\"https:\/\/eestimaaehitus.ee\/wp-content\/uploads\/2022\/07\/Mikk-1.jpg\" alt=\"Natural building training\" class=\"wp-image-3056 size-full\" srcset=\"https:\/\/eestimaaehitus.ee\/wp-content\/uploads\/2022\/07\/Mikk-1.jpg 1080w, https:\/\/eestimaaehitus.ee\/wp-content\/uploads\/2022\/07\/Mikk-1-416x416.jpg 416w\" sizes=\"auto, (max-width: 1080px) 100vw, 1080px\" \/><\/figure><div class=\"wp-block-media-text__content\">\n<p class=\"wp-el\"><\/p>\n\n\n\n<h3 class=\"wp-block-heading wp-el\">Mikk Luht<\/h3>\n\n\n\n<p class=\"wp-el\">Mikk Luht is a founder and board member, trainer and project manager of the Competence Center for Ecological Building &#8211; <a href=\"https:\/\/eestimaaehitus.ee\/en\/\" target=\"_blank\" rel=\"noreferrer noopener\">Eestimaaehitus<\/a>. He manages sectoral planning, design and construction projects and represents the international brand <a href=\"https:\/\/ecococon.eu\/\" target=\"_blank\" rel=\"noreferrer noopener\">EcoCocon<\/a> in Estonia, which he also introduces at the Natural Building Festival.<\/p>\n<\/div><\/div>\n\n\n\n<p class=\"wp-el\"><\/p>\n\n\n\n<div class=\"wp-block-media-text alignwide is-stacked-on-mobile\" style=\"grid-template-columns:15% auto\"><figure class=\"wp-block-media-text__media\"><img loading=\"lazy\" decoding=\"async\" width=\"640\" height=\"640\" src=\"https:\/\/eestimaaehitus.ee\/wp-content\/uploads\/2023\/04\/Tarmo-Elvisto.jpg\" alt=\"Tarmo Elvisto\" class=\"wp-image-3794 size-full\" srcset=\"https:\/\/eestimaaehitus.ee\/wp-content\/uploads\/2023\/04\/Tarmo-Elvisto.jpg 640w, https:\/\/eestimaaehitus.ee\/wp-content\/uploads\/2023\/04\/Tarmo-Elvisto-416x416.jpg 416w\" sizes=\"auto, (max-width: 640px) 100vw, 640px\" \/><\/figure><div class=\"wp-block-media-text__content\">\n<p class=\"wp-el\"><\/p>\n\n\n\n<h3 class=\"wp-block-heading wp-el\">Tarmo Elvisto<\/h3>\n\n\n\n<p class=\"wp-el\">Tarmo Elvisto is the founder of the <a href=\"https:\/\/www.renoveeri.net\/about-us\" target=\"_blank\" rel=\"noreferrer noopener\">Information Centre for Sustainable&nbsp;Renovation<\/a> and <a href=\"https:\/\/majatohter.ee\/en\/\" target=\"_blank\" rel=\"noreferrer noopener\">Majatohter<\/a>, a store that sells natural and traditional building materials, restoration accessories, tools and old valuable building materials. At the Natural Building Festival, Tarmo talks about the circular management of building materials.<\/p>\n<\/div><\/div>\n\n\n\n<p class=\"wp-el\"><\/p>\n\n\n\n<div class=\"wp-block-media-text alignwide is-stacked-on-mobile\" style=\"grid-template-columns:15% auto\"><figure class=\"wp-block-media-text__media\"><img loading=\"lazy\" decoding=\"async\" width=\"640\" height=\"640\" src=\"https:\/\/eestimaaehitus.ee\/wp-content\/uploads\/2023\/04\/Ulla-Phllips-LEFE-2023.jpg\" alt=\"Ulla Phllips Loodusehituse festival 2023\" class=\"wp-image-3801 size-full\" srcset=\"https:\/\/eestimaaehitus.ee\/wp-content\/uploads\/2023\/04\/Ulla-Phllips-LEFE-2023.jpg 640w, https:\/\/eestimaaehitus.ee\/wp-content\/uploads\/2023\/04\/Ulla-Phllips-LEFE-2023-416x416.jpg 416w\" sizes=\"auto, (max-width: 640px) 100vw, 640px\" \/><\/figure><div class=\"wp-block-media-text__content\">\n<p class=\"wp-el\"><\/p>\n\n\n\n<h3 class=\"wp-block-heading wp-el\">Ulla Phillips<\/h3>\n\n\n\n<p class=\"wp-el\"><a href=\"https:\/\/www.instagram.com\/grrreen_sustainable_art\/\" target=\"_blank\" rel=\"noreferrer noopener\">Ulla Phillips<\/a> is an artist who mainly uses clay materials and decorative techniques in her work. In addition to the practical training, Ulla will also present the work created on the wall of the Eestimaaehitus building during the Natural Building Festival.<\/p>\n<\/div><\/div>\n\n\n\n<div style=\"height:100px\" aria-hidden=\"true\" class=\"wp-block-spacer\"><\/div>\n\n\n\n<h2 class=\"wp-block-heading has-text-align-center wp-el\">Speakers at the Green Forum 19 August<\/h2>\n\n\n\n<div style=\"height:100px\" aria-hidden=\"true\" class=\"wp-block-spacer\"><\/div>\n\n\n\n<div class=\"wp-block-media-text alignwide has-media-on-the-right is-stacked-on-mobile\" style=\"grid-template-columns:auto 15%\"><div class=\"wp-block-media-text__content\">\n<p class=\"wp-el\"><\/p>\n\n\n\n<h3 class=\"wp-block-heading wp-el\">Eva Truuverk<\/h3>\n\n\n\n<p class=\"wp-el\">Eva Truuverk is the Head of the Board of <a href=\"https:\/\/rohetiiger.ee\/?lang=en\" target=\"_blank\" rel=\"noreferrer noopener\">Green Tiger Foundation<\/a> and a leading advocate for environmental awareness, and her legacy continues to positively affect communities and support global activism. The theme of her presentation at the Green Forum is &#8220;Vision &#8211; where we are going&#8221;. In addition, she will lead the day and moderate the panel discussion.<\/p>\n<\/div><figure class=\"wp-block-media-text__media\"><img loading=\"lazy\" decoding=\"async\" width=\"400\" height=\"400\" src=\"https:\/\/eestimaaehitus.ee\/wp-content\/uploads\/2023\/04\/Eva-Truuverk.jpg\" alt=\"Eva Truuverk\" class=\"wp-image-4035 size-full\"\/><\/figure><\/div>\n\n\n\n<p class=\"wp-el\"><\/p>\n\n\n\n<div class=\"wp-block-media-text alignwide has-media-on-the-right is-stacked-on-mobile\" style=\"grid-template-columns:auto 15%\"><div class=\"wp-block-media-text__content\">\n<p class=\"wp-el\"><\/p>\n\n\n\n<h3 class=\"wp-block-heading wp-el\">Gunter Pauli<\/h3>\n\n\n\n<p class=\"wp-el\">Gunter Pauli is an entrepreneur with a global reach, an innovator and a visionary of the regenerative economy, who has developed <a href=\"https:\/\/www.theblueeconomy.org\/en\/\" target=\"_blank\" rel=\"noreferrer noopener\">the blue economy model<\/a>. He has published more than 20 books and actively participates as a lecturer at universities around the world. At the Green Forum, he presents the possibilities of the circular economy.<\/p>\n<\/div><figure class=\"wp-block-media-text__media\"><img loading=\"lazy\" decoding=\"async\" width=\"400\" height=\"400\" src=\"https:\/\/eestimaaehitus.ee\/wp-content\/uploads\/2023\/04\/Gunter-Pauli-1.png\" alt=\"Gunter Pauli\" class=\"wp-image-4044 size-full\"\/><\/figure><\/div>\n\n\n\n<p class=\"wp-el\"><\/p>\n\n\n\n<div class=\"wp-block-media-text alignwide has-media-on-the-right is-stacked-on-mobile\" style=\"grid-template-columns:auto 15%\"><div class=\"wp-block-media-text__content\">\n<p class=\"wp-el\"><\/p>\n\n\n\n<h3 class=\"wp-block-heading wp-el\">Mikk Luht<\/h3>\n\n\n\n<p class=\"wp-el\">Mikk Luht is a founder and board member, trainer and project manager of the Competence Center for Ecological Building &#8211; <a href=\"https:\/\/eestimaaehitus.ee\/en\/\" target=\"_blank\" rel=\"noreferrer noopener\">Eestimaaehitus<\/a>. He manages sectoral planning, design and construction projects and represents the international brand <a href=\"https:\/\/ecococon.eu\/\" target=\"_blank\" rel=\"noreferrer noopener\">EcoCocon<\/a> in Estonia. At the Green Forum, he will talk about modern ecological construction.<\/p>\n<\/div><figure class=\"wp-block-media-text__media\"><img loading=\"lazy\" decoding=\"async\" width=\"1080\" height=\"1080\" src=\"https:\/\/eestimaaehitus.ee\/wp-content\/uploads\/2022\/07\/Mikk-1.jpg\" alt=\"Natural building training\" class=\"wp-image-3056 size-full\" srcset=\"https:\/\/eestimaaehitus.ee\/wp-content\/uploads\/2022\/07\/Mikk-1.jpg 1080w, https:\/\/eestimaaehitus.ee\/wp-content\/uploads\/2022\/07\/Mikk-1-416x416.jpg 416w\" sizes=\"auto, (max-width: 1080px) 100vw, 1080px\" \/><\/figure><\/div>\n\n\n\n<p class=\"wp-el\"><\/p>\n\n\n\n<div class=\"wp-block-media-text alignwide has-media-on-the-right is-stacked-on-mobile\" style=\"grid-template-columns:auto 15%\"><div class=\"wp-block-media-text__content\">\n<p class=\"wp-el\"><\/p>\n\n\n\n<h3 class=\"wp-block-heading wp-el\">P\u00e4rtel-Peeter Pere<\/h3>\n\n\n\n<p class=\"wp-el\">For the past ten years, P\u00e4rtel-Peeter Pere&#8217;s job has been to provide advice to the cities of the future in the Nordic countries, Switzerland, the Netherlands, Singapore and elsewhere. He is the co-founder of Future Place Leadership, a company that provides strategic advice to governments and cities. He is an urban strategist and the editor-in-chief of Green Tiger&#8217;s &#8220;Construction Roadmap 2040&#8221;, which he also presents at the Green Forum.<\/p>\n<\/div><figure class=\"wp-block-media-text__media\"><img loading=\"lazy\" decoding=\"async\" width=\"640\" height=\"640\" src=\"https:\/\/eestimaaehitus.ee\/wp-content\/uploads\/2023\/04\/Rohefoorum_Partel-Peeter_PERE_by_Marko_Russiver.jpeg\" alt=\"Pa\u0308rtel-Peeter Pere\" class=\"wp-image-4037 size-full\" srcset=\"https:\/\/eestimaaehitus.ee\/wp-content\/uploads\/2023\/04\/Rohefoorum_Partel-Peeter_PERE_by_Marko_Russiver.jpeg 640w, https:\/\/eestimaaehitus.ee\/wp-content\/uploads\/2023\/04\/Rohefoorum_Partel-Peeter_PERE_by_Marko_Russiver-416x416.jpeg 416w\" sizes=\"auto, (max-width: 640px) 100vw, 640px\" \/><\/figure><\/div>\n\n\n\n<div style=\"height:100px\" aria-hidden=\"true\" class=\"wp-block-spacer\"><\/div>\n\n\n\n<h2 class=\"wp-block-heading has-text-align-center wp-el\">Natural Building Festival Support Team<\/h2>\n\n\n\n<div style=\"height:100px\" aria-hidden=\"true\" class=\"wp-block-spacer\"><\/div>\n\n\n\n<div class=\"wp-block-media-text alignwide is-stacked-on-mobile\" style=\"grid-template-columns:15% auto\"><figure class=\"wp-block-media-text__media\"><img loading=\"lazy\" decoding=\"async\" width=\"1080\" height=\"1080\" src=\"https:\/\/eestimaaehitus.ee\/wp-content\/uploads\/2022\/07\/Helari-1.jpg\" alt=\"clay plaster training\" class=\"wp-image-3050 size-full\" srcset=\"https:\/\/eestimaaehitus.ee\/wp-content\/uploads\/2022\/07\/Helari-1.jpg 1080w, https:\/\/eestimaaehitus.ee\/wp-content\/uploads\/2022\/07\/Helari-1-416x416.jpg 416w\" sizes=\"auto, (max-width: 1080px) 100vw, 1080px\" \/><\/figure><div class=\"wp-block-media-text__content\">\n<p class=\"wp-el\"><\/p>\n\n\n\n<h3 class=\"wp-block-heading wp-el\">Helari Sirelpuu<\/h3>\n\n\n\n<p class=\"wp-el\">Helari Sirelpuu is a member and trainer of Eestimaaehitus, the founder of <a href=\"https:\/\/www.wuni.ee\/\" target=\"_blank\" rel=\"noreferrer noopener\">Wuni O\u00dc<\/a> and a very experienced master of clay and lime plastering. Another true passion of his is the restoration of old stone masonry. At the Natural Building Festival, he supports Ulla Phillips on the installation of clay art and advises you on the topic of natural materials and stone masonry if you wish.<\/p>\n<\/div><\/div>\n\n\n\n<p class=\"wp-el\"><\/p>\n\n\n\n<div class=\"wp-block-media-text alignwide is-stacked-on-mobile\" style=\"grid-template-columns:15% auto\"><figure class=\"wp-block-media-text__media\"><img loading=\"lazy\" decoding=\"async\" width=\"304\" height=\"304\" src=\"https:\/\/eestimaaehitus.ee\/wp-content\/uploads\/2023\/04\/Inga-EME.jpg\" alt=\"\" class=\"wp-image-3711 size-full\"\/><\/figure><div class=\"wp-block-media-text__content\">\n<p class=\"wp-el\"><\/p>\n\n\n\n<h3 class=\"wp-block-heading wp-el\">Inga K\u00e4rg<\/h3>\n\n\n\n<p class=\"wp-el\">Inga K\u00e4rg is a civil engineer who has mainly been designing bridges for the last almost 20 years. But now she has fallen in love with natural materials and joined Eestimaaehitus to gain new experiences and find new exciting challenges. At the Natural Building Festival, she supports Marko Kikas in the &#8220;construction department&#8221; and advises you on engineering topics if you wish.<\/p>\n<\/div><\/div>\n\n\n\n<p class=\"wp-el\"><\/p>\n\n\n\n<div class=\"wp-block-media-text alignwide is-stacked-on-mobile\" style=\"grid-template-columns:15% auto\"><figure class=\"wp-block-media-text__media\"><img loading=\"lazy\" decoding=\"async\" width=\"640\" height=\"640\" src=\"https:\/\/eestimaaehitus.ee\/wp-content\/uploads\/2023\/04\/Karin-1.jpg\" alt=\"\" class=\"wp-image-3831 size-full\" srcset=\"https:\/\/eestimaaehitus.ee\/wp-content\/uploads\/2023\/04\/Karin-1.jpg 640w, https:\/\/eestimaaehitus.ee\/wp-content\/uploads\/2023\/04\/Karin-1-416x416.jpg 416w\" sizes=\"auto, (max-width: 640px) 100vw, 640px\" \/><\/figure><div class=\"wp-block-media-text__content\">\n<p class=\"wp-el\"><\/p>\n\n\n\n<h3 class=\"wp-block-heading wp-el\">Karin Alev<\/h3>\n\n\n\n<p class=\"wp-el\">Karin Alev has spent the last few years gaining experience in natural building and finishing trainings and internships. Now she helps to organize trainings and events at the <a href=\"https:\/\/loodusehituseakadeemia.ee\/\" target=\"_blank\" rel=\"noreferrer noopener\">Natural Building Academy<\/a> herself and assists its leader, Sven Aluste, in finishing works. She is in the organizing team at the Natural Building Festival.<\/p>\n<\/div><\/div>\n\n\n\n<p class=\"wp-el\"><\/p>\n\n\n\n<div class=\"wp-block-media-text alignwide is-stacked-on-mobile\" style=\"grid-template-columns:15% auto\"><figure class=\"wp-block-media-text__media\"><img loading=\"lazy\" decoding=\"async\" width=\"1080\" height=\"1080\" src=\"https:\/\/eestimaaehitus.ee\/wp-content\/uploads\/2022\/07\/Malvo-1.jpg\" alt=\"clay plaster application\" class=\"wp-image-3052 size-full\" srcset=\"https:\/\/eestimaaehitus.ee\/wp-content\/uploads\/2022\/07\/Malvo-1.jpg 1080w, https:\/\/eestimaaehitus.ee\/wp-content\/uploads\/2022\/07\/Malvo-1-416x416.jpg 416w\" sizes=\"auto, (max-width: 1080px) 100vw, 1080px\" \/><\/figure><div class=\"wp-block-media-text__content\">\n<p class=\"wp-el\"><\/p>\n\n\n\n<h3 class=\"wp-block-heading wp-el\">Malvo Tominga<\/h3>\n\n\n\n<p class=\"wp-el\">Malvo Tominga is a member and trainer of Eestimaaehitus, the founder of <a href=\"https:\/\/wanawiisi.ee\/\" target=\"_blank\" rel=\"noreferrer noopener\">Wanawiisi ehitus O\u00dc<\/a> and an experienced master of clay and lime plastering. Another real passion of his is the restoration of old earth buildings. At the Natural Building Festival, he supports Marko Kikas in the &#8220;construction department&#8221; and advises you on natural materials and earth buildings if you wish.<\/p>\n<\/div><\/div>\n\n\n\n<p class=\"wp-el\"><\/p>\n\n\n\n<div class=\"wp-block-media-text alignwide is-stacked-on-mobile\" style=\"grid-template-columns:15% auto\"><figure class=\"wp-block-media-text__media\"><img loading=\"lazy\" decoding=\"async\" width=\"640\" height=\"640\" src=\"https:\/\/eestimaaehitus.ee\/wp-content\/uploads\/2023\/04\/Sven-Aluste-Loodusehituse-festival-2023.jpg\" alt=\"Sven Aluste Loodusehituse festival 2023\" class=\"wp-image-3839 size-full\" srcset=\"https:\/\/eestimaaehitus.ee\/wp-content\/uploads\/2023\/04\/Sven-Aluste-Loodusehituse-festival-2023.jpg 640w, https:\/\/eestimaaehitus.ee\/wp-content\/uploads\/2023\/04\/Sven-Aluste-Loodusehituse-festival-2023-416x416.jpg 416w\" sizes=\"auto, (max-width: 640px) 100vw, 640px\" \/><\/figure><div class=\"wp-block-media-text__content\">\n<p class=\"wp-el\"><\/p>\n\n\n\n<h3 class=\"wp-block-heading wp-el\">Sven Aluste<\/h3>\n\n\n\n<p class=\"wp-el\">Sven Aluste is a founder member and trainer of Eestimaaehitus, founder and trainer of the <a href=\"https:\/\/loodusehituseakadeemia.ee\/\" target=\"_blank\" rel=\"noreferrer noopener\">Natural Building Academy<\/a> and a very experienced earth and straw builder. In addition, Sven&#8217;s passion is the reuse of old materials and reciprocal roofs. At the Natural Building Festival, he assists Saulius Jackevi\u010dius, is the organizer and advises you on the topics of earth and straw building and reusing of old materials.<\/p>\n<\/div><\/div>\n\n\n\n<p class=\"wp-el\"><\/p>\n\n\n\n<div class=\"wp-block-media-text alignwide is-stacked-on-mobile\" style=\"grid-template-columns:15% auto\"><figure class=\"wp-block-media-text__media\"><img loading=\"lazy\" decoding=\"async\" width=\"1080\" height=\"1080\" src=\"https:\/\/eestimaaehitus.ee\/wp-content\/uploads\/2022\/07\/Taavi-1.jpg\" alt=\"Lime plaster workshop\" class=\"wp-image-3060 size-full\" srcset=\"https:\/\/eestimaaehitus.ee\/wp-content\/uploads\/2022\/07\/Taavi-1.jpg 1080w, https:\/\/eestimaaehitus.ee\/wp-content\/uploads\/2022\/07\/Taavi-1-416x416.jpg 416w\" sizes=\"auto, (max-width: 1080px) 100vw, 1080px\" \/><\/figure><div class=\"wp-block-media-text__content\">\n<p class=\"wp-el\"><\/p>\n\n\n\n<h3 class=\"wp-block-heading wp-el\">Taavi Leis<\/h3>\n\n\n\n<p class=\"wp-el\">Taavi Leis is a member and a trainer of Eestimaaehitus, founder of <a href=\"https:\/\/www.instagram.com\/krohvikoda\/\" target=\"_blank\" rel=\"noreferrer noopener\">Krohvikoda O\u00dc<\/a> and a very experienced master of clay and lime plastering. Today, he and his team mostly carry out clay and lime finishing works in Finland. At the  Natural Building Festival, he assists Guy Valentine and advises you on the topic of natural materials if you wish.<\/p>\n<\/div><\/div>\n\n\n\n<p class=\"wp-el\"><\/p>\n\n\n\n<div class=\"wp-block-media-text alignwide is-stacked-on-mobile\" style=\"grid-template-columns:15% auto\"><figure class=\"wp-block-media-text__media\"><img loading=\"lazy\" decoding=\"async\" width=\"905\" height=\"905\" src=\"https:\/\/eestimaaehitus.ee\/wp-content\/uploads\/2022\/03\/Triin-Pruul.jpg\" alt=\"Triin Pruul\" class=\"wp-image-1741 size-full\" srcset=\"https:\/\/eestimaaehitus.ee\/wp-content\/uploads\/2022\/03\/Triin-Pruul.jpg 905w, https:\/\/eestimaaehitus.ee\/wp-content\/uploads\/2022\/03\/Triin-Pruul-416x416.jpg 416w\" sizes=\"auto, (max-width: 905px) 100vw, 905px\" \/><\/figure><div class=\"wp-block-media-text__content\">\n<p class=\"wp-el\"><\/p>\n\n\n\n<h3 class=\"wp-block-heading wp-el\">Triin Pruul<\/h3>\n\n\n\n<p class=\"wp-el\">Triin Pruul is a passionate experimenter with natural building materials as well as a clay therapist. She has a lot of experience in working with children, she is the mother of four herself, and it is she who, together with her helpers, takes care of the smallest visitors at the Natural Building Festival. It&#8217;s sure to be so awesome in the children&#8217;s area that we&#8217;ll probably find adults also enjoying themselves there in clay up to their ears.<\/p>\n<\/div><\/div>\n\n\n<div id=\"acf-block_f71423b05632502799c397b2e300ed30\" class=\"acf-block-element block-accordion\"><div class=\"accordion\" id=\"acf-block_f71423b05632502799c397b2e300ed30-accordion\"><div class=\"card\"><div class=\"card-header\" id=\"header-natural-building-festival-schedule-16-18-august-2023-accordion\"><button class=\"d-flex flex-wrap align-items-center font-bebas has-large-font-size collapsed\" type=\"button\" data-toggle=\"collapse\" data-target=\"#natural-building-festival-schedule-16-18-august-2023-accordion\" aria-expanded=\"false\" aria-controls=\"natural-building-festival-schedule-16-18-august-2023-accordion\"><span class=\"d-block flex-fill\">Natural Building Festival Schedule 16-18 August 2023<\/span><span class=\"accordion-arrow d-flex flex-wrap align-items-center justify-content-center\"><svg width=\"24\" height=\"24\" viewBox=\"0 0 24 24\" fill=\"none\" xmlns=\"http:\/\/www.w3.org\/2000\/svg\"><path d=\"M22.5 7.50012L12 18.0001L1.5 7.50012\" stroke=\"#262930\"\/><\/svg><\/span><\/button><\/div><div id=\"natural-building-festival-schedule-16-18-august-2023-accordion\" class=\"collapse\" aria-labelledby=\"header-natural-building-festival-schedule-16-18-august-2023-accordion\"><div class=\"card-body editor-content\"><div class=\"editor-content ama-builder-component\"><table border=\"0\"><caption>16. AUGUST<\/caption><thead><tr><th>TIME<\/th><th>MORE DETAILED SCHEDULE TO COME<\/th><\/tr><\/thead><tbody><tr><td><\/td><td>The Natural Building Festival takes place at the Competence Center for Ecological Building &#8211; Eestimaaehitus M\u00f5isahoovi tee 5, Mooste, P\u00f5lva County, Estonia<\/td><\/tr><tr><td>09.30<\/td><td>Gathering and registration<\/td><\/tr><tr><td>10.00<\/td><td>Opening of the festival and introduction of the agenda<\/td><\/tr><tr><td>10.30<\/td><td>Workshops, lectures, counseling, children&#8217;s area<\/td><\/tr><tr><td>13.00<\/td><td>Lunch break<\/td><\/tr><tr><td>14.00<\/td><td>Workshops, lectures, counseling, children&#8217;s area, house tour<\/td><\/tr><tr><td>18.00<\/td><td>End of the day<\/td><\/tr><tr><td><\/td><td>Evening activities<\/td><\/tr><tr><td><\/td><td>The organizer has the right to change the schedule<\/td><\/tr><\/tbody><\/table><\/div><div class=\"editor-content ama-builder-component\"><table border=\"0\"><caption>17. AUGUST<\/caption><tbody><tr><td>09.30<\/td><td>Gathering and registration<\/td><\/tr><tr><td>10.00<\/td><td>Introduction of the agenda<\/td><\/tr><tr><td>10.15<\/td><td>Workshops, lectures, counseling, children&#8217;s area<\/td><\/tr><tr><td>13.00<\/td><td>Lunch break<\/td><\/tr><tr><td>14.00<\/td><td>Workshops, lectures, counseling, children&#8217;s area, house tour<\/td><\/tr><tr><td>18.00<\/td><td>End of the day<\/td><\/tr><tr><td><\/td><td>Evening activities<\/td><\/tr><tr><td><\/td><td>The organizer has the right to change the schedule<\/td><\/tr><\/tbody><\/table><\/div><div class=\"editor-content ama-builder-component\"><table border=\"0\"><caption>18. AUGUST<\/caption><tbody><tr><td>09.30<\/td><td>Gathering and registration<\/td><\/tr><tr><td>10.00<\/td><td>Introduction of the agenda<\/td><\/tr><tr><td>10.15<\/td><td>Workshops, lectures, counseling, children&#8217;s area<\/td><\/tr><tr><td>13.00<\/td><td>Lunch break<\/td><\/tr><tr><td>14.00<\/td><td>Workshops, lectures, counseling, children&#8217;s area, house tour<\/td><\/tr><tr><td>18.00<\/td><td>End of day and festival workshops<\/td><\/tr><tr><td><\/td><td>Evening activities<\/td><\/tr><tr><td><\/td><td>The organizer has the right to change the schedule<\/td><\/tr><\/tbody><\/table><\/div><\/div><\/div><\/div><div class=\"card\"><div class=\"card-header\" id=\"header-green-forum-schedule-and-speakers-19-august-2023-accordion\"><button class=\"d-flex flex-wrap align-items-center font-bebas has-large-font-size collapsed\" type=\"button\" data-toggle=\"collapse\" data-target=\"#green-forum-schedule-and-speakers-19-august-2023-accordion\" aria-expanded=\"false\" aria-controls=\"green-forum-schedule-and-speakers-19-august-2023-accordion\"><span class=\"d-block flex-fill\">Green Forum Schedule and Speakers 19 August 2023<\/span><span class=\"accordion-arrow d-flex flex-wrap align-items-center justify-content-center\"><svg width=\"24\" height=\"24\" viewBox=\"0 0 24 24\" fill=\"none\" xmlns=\"http:\/\/www.w3.org\/2000\/svg\"><path d=\"M22.5 7.50012L12 18.0001L1.5 7.50012\" stroke=\"#262930\"\/><\/svg><\/span><\/button><\/div><div id=\"green-forum-schedule-and-speakers-19-august-2023-accordion\" class=\"collapse\" aria-labelledby=\"header-green-forum-schedule-and-speakers-19-august-2023-accordion\"><div class=\"card-body editor-content\"><div class=\"editor-content ama-builder-component\"><table border=\"0\"><caption>19. AUGUST<\/caption><thead><tr><th>TIME<\/th><th>AGENDA<\/th><\/tr><\/thead><tbody><tr><td><\/td><td>The Green Forum is moderated by Eva Truuverk. P\u00f5lvamaa Green Forum takes place in Mooste Folk Chamber, M\u00f5isahoov tee 12, Mooste, P\u00f5lva County, Estonia.<\/td><\/tr><tr><td>10.30<\/td><td>Arrival, registration, welcome coffee<\/td><\/tr><tr><td>11.00<\/td><td>Opening remarks and P\u00f5lva County activities in the green field: Lennart Liba (P\u00f5lva County Development Center)<\/td><\/tr><tr><td>11.10<\/td><td>Vision &#8211; where we are going: Eva Truuverk (Green Tiger Foundation)<\/td><\/tr><tr><td>11.30<\/td><td>Good examples from P\u00f5lva County entrepreneurs<\/td><\/tr><tr><td>12.00<\/td><td>Modern ecological construction: Mikk Luht (Competence Center for Ecological Building &#8211; Eestimaaehitus)<\/td><\/tr><tr><td>12.30<\/td><td>Construction Roadmap 2040: P\u00e4rtel-Peeter Pere (Green Tiger Foundation)<\/td><\/tr><tr><td>13.00<\/td><td>Lunch: pure and simple tastes of P\u00f5lva County<\/td><\/tr><tr><td>14.00<\/td><td>Opportunities of circular economy: sustainability expert Gunter Pauli<\/td><\/tr><tr><td>15.00<\/td><td>Panel discussion<\/td><\/tr><tr><td>16.00<\/td><td>Final words, summary of the forum<\/td><\/tr><tr><td>16.30<\/td><td>End of event<\/td><\/tr><tr><td><\/td><td>At the same time as the Green Forum, a Children&#8217;s Green Forum will be held at the Competence Center for Ecological Building, next to the Mooste Folk Chamber and outdoors.\nThe Children&#8217;s Green Forum program is suitable for children aged 6-14.<\/td><\/tr><tr><td>10.40<\/td><td>Drawing with charcoal, crafting, cooking and presenting stories based on Gunter Paul&#8217;s stories, building a cardboard city, movement and sports games.<\/td><\/tr><tr><td>13.00<\/td><td>Lunch with parents<\/td><\/tr><tr><td>14.00<\/td><td>Drawing with charcoal, crafting, cooking and presenting stories based on Gunter Paul&#8217;s stories, building a cardboard city, movement and sports games.<\/td><\/tr><tr><td>16.30<\/td><td>End of event<\/td><\/tr><\/tbody><\/table><\/div><\/div><\/div><\/div><\/div><\/div>\n\n\n<div style=\"height:100px\" aria-hidden=\"true\" class=\"wp-block-spacer\"><\/div>\n\n\n\n<h2 class=\"wp-block-heading has-text-align-center wp-el\" id=\"ticket-information\">Ticket information<\/h2>\n\n\n\n<div style=\"height:100px\" aria-hidden=\"true\" class=\"wp-block-spacer\"><\/div>\n\n\n\n<h3 class=\"wp-block-heading has-text-align-center wp-el\">Natural Building Festival Pass<\/h3>\n\n\n\n<p class=\"has-text-align-center wp-el\">You can participate with a festival pass from 16 to 18 August 2023<\/p>\n\n\n\n<p class=\"has-text-align-center wp-el\">in practical workshops, presentations, house tours, consultations, in the children&#8217;s<\/p>\n\n\n\n<p class=\"has-text-align-center wp-el\"> area and on August 19 at the P\u00f5lvamaa Green Forum in Mooste Folk Chamber.<\/p>\n\n\n\n<p class=\"has-text-align-center wp-el\"><strong>Festival pass: <strong>\u20ac<\/strong>220<\/strong><\/p>\n\n\n\n<p class=\"has-text-align-center wp-el\"><strong>Festival pass when presenting a student card:<\/strong> <strong><strong>\u20ac<\/strong>130<\/strong><\/p>\n\n\n\n<div class=\"wp-block-buttons is-content-justification-center is-layout-flex wp-container-core-buttons-is-layout-16018d1d wp-block-buttons-is-layout-flex\">\n<div class=\"wp-block-button is-style-fill\"><a class=\"wp-block-button__link has-text-align-center wp-element-button\" href=\"https:\/\/fienta.com\/natural-building-festival-2023\" target=\"_blank\" rel=\"noreferrer noopener\">* Buy Festival Pass  <\/a><\/div>\n<\/div>\n\n\n\n<div class=\"wp-block-buttons is-content-justification-center is-layout-flex wp-container-core-buttons-is-layout-16018d1d wp-block-buttons-is-layout-flex\">\n<div class=\"wp-block-button\"><a class=\"wp-block-button__link has-text-align-center wp-element-button\" href=\"https:\/\/fienta.com\/natural-building-festival-2023\" target=\"_blank\" rel=\"noreferrer noopener\">* Buy Student Festival Pass<\/a><\/div>\n<\/div>\n\n\n\n<p class=\"has-text-align-center wp-el\"><em>*You will be redirected to the Fienta page<\/em><\/p>\n\n\n\n<p class=\"wp-el\"><\/p>\n\n\n\n<h3 class=\"wp-block-heading has-text-align-center wp-el\">Natural Building Festival Family Pass<\/h3>\n\n\n\n<p class=\"has-text-align-center wp-el\">You can participate with a family pass (2 adults and children up to 14 years old) <\/p>\n\n\n\n<p class=\"has-text-align-center wp-el\">from 16 to 18 August 2023 in practical workshops, presentations, tours, counseling, <\/p>\n\n\n\n<p class=\"has-text-align-center wp-el\">in the children&#8217;s area and on August 19 at the P\u00f5lvamaa Green Forum in Mooste Folk Chamber. <\/p>\n\n\n\n<p class=\"has-text-align-center wp-el\"><strong><strong>Festival family pass<\/strong>: <strong>\u20ac<\/strong>320<\/strong><\/p>\n\n\n\n<div class=\"wp-block-buttons is-content-justification-center is-layout-flex wp-container-core-buttons-is-layout-16018d1d wp-block-buttons-is-layout-flex\">\n<div class=\"wp-block-button\"><a class=\"wp-block-button__link has-text-align-center wp-element-button\" href=\"https:\/\/fienta.com\/natural-building-festival-2023\" target=\"_blank\" rel=\"noreferrer noopener\">* Buy Festival Family Pass   <\/a><\/div>\n<\/div>\n\n\n\n<p class=\"has-text-align-center wp-el\"><em>*You will be redirected to the Fienta page<\/em><\/p>\n\n\n\n<p class=\"wp-el\"><\/p>\n\n\n\n<h3 class=\"wp-block-heading has-text-align-center wp-el\">Day Ticket for the Natural Building Festival<\/h3>\n\n\n\n<p class=\"has-text-align-center wp-el\">With a day ticket, you can participate on August 16 or 17 or 18, 2023 <\/p>\n\n\n\n<p class=\"has-text-align-center wp-el\">in practical workshops, presentations, house tour, counseling and children&#8217;s area. <\/p>\n\n\n\n<p class=\"has-text-align-center wp-el\"><strong>Day ticket: <strong>\u20ac<\/strong>100<\/strong><\/p>\n\n\n\n<div class=\"wp-block-buttons is-content-justification-center is-layout-flex wp-container-core-buttons-is-layout-16018d1d wp-block-buttons-is-layout-flex\">\n<div class=\"wp-block-button\"><a class=\"wp-block-button__link has-text-align-center wp-element-button\" href=\"https:\/\/fienta.com\/natural-building-festival-2023\" target=\"_blank\" rel=\"noreferrer noopener\">* Buy Day Ticket    <\/a><\/div>\n<\/div>\n\n\n\n<p class=\"has-text-align-center wp-el\"><em>*You will be redirected to the Fienta page<\/em><\/p>\n\n\n\n<p class=\"wp-el\"><\/p>\n\n\n\n<h3 class=\"wp-block-heading has-text-align-center wp-el\">Green Forum Ticket<\/h3>\n\n\n\n<p class=\"has-text-align-center wp-el\">With the Green Forum ticket, you can listen to inspiring speeches and <\/p>\n\n\n\n<p class=\"has-text-align-center wp-el\">panel discussion on August 19 at the Mooste Folk Chamber, ask questions <\/p>\n\n\n\n<p class=\"has-text-align-center wp-el\">to the speakers, learn about the latest sustainable building materials and eat lunch.<\/p>\n\n\n\n<p class=\"has-text-align-center wp-el\">At the same time as the Green Forum, a Children&#8217;s Green Forum will be held at the <\/p>\n\n\n\n<p class=\"has-text-align-center wp-el\">Competence Center for Ecological Building, next to the Mooste Folk Chamber and outdoors. <\/p>\n\n\n\n<p class=\"has-text-align-center wp-el\">The Children&#8217;s Green Forum program is suitable for children aged 6-14.<\/p>\n\n\n\n<p class=\"has-text-align-center wp-el\"><strong>Green Forum ticket: <strong>\u20ac<\/strong>27<\/strong><\/p>\n\n\n\n<p class=\"has-text-align-center wp-el\"><strong>Children&#8217;s Green Forum<\/strong> <strong>ticket:<\/strong> <strong>\u20ac7<\/strong><\/p>\n\n\n\n<div class=\"wp-block-buttons is-content-justification-center is-layout-flex wp-container-core-buttons-is-layout-16018d1d wp-block-buttons-is-layout-flex\">\n<div class=\"wp-block-button\"><a class=\"wp-block-button__link has-text-align-center wp-element-button\" href=\"https:\/\/fienta.com\/et\/rohefoorum-polvamaal-loodusehitus-ja-ringmajandus\" target=\"_blank\" rel=\"noreferrer noopener\">* Buy Green Forum Ticket<\/a><\/div>\n<\/div>\n\n\n\n<p class=\"has-text-align-center wp-el\"><em>*You will be redirected to the Fienta page<\/em><\/p>\n\n\n\n<div style=\"height:100px\" aria-hidden=\"true\" class=\"wp-block-spacer\"><\/div>\n\n\n\n<h2 class=\"wp-block-heading has-text-align-center wp-el\" id=\"accommodation-options\">Accommodation options<\/h2>\n\n\n\n<div style=\"height:100px\" aria-hidden=\"true\" class=\"wp-block-spacer\"><\/div>\n\n\n<div id=\"acf-block_a6ff4d3875ffce40c6107a321879182b\" class=\"acf-block-element block-txtmedia wide-img color-default\"><div class=\"row row-grid\"><div class=\"col-content col-12 col-lg-6 col-xl-5 align-self-start\">\n\n<h3 class=\"wp-block-heading wp-el\">Linakoja Guest House (140 m)<\/h3>\n\n\n\n<p class=\"wp-el\"><\/p>\n\n\n\n<p class=\"wp-el\">The former woodworking workshop located in the manor yard has been converted into a cozy <a href=\"https:\/\/moostemois.ee\/en\/linakoja-guest-house\" target=\"_blank\" rel=\"noreferrer noopener\">Linakoja Guest House<\/a>, where simple but comfortable rooms await. <\/p>\n\n\n\n<p class=\"wp-el\">Toilets and showers are shared in the corridor.<\/p>\n\n\n\n<p class=\"wp-el\">Overnight stay with breakfast for a participant of the Natural Building Festival \u20ac25\/person (3-6 people in one room).<\/p>\n\n\n\n<p class=\"wp-el\">Information and booking at <a href=\"mailto:info@moostemois.ee\" target=\"_blank\" rel=\"noreferrer noopener\">info@moostemois.ee<\/a> with keyword LEFE 2023.<\/p>\n\n<\/div><div class=\"col-media clearfix col-12 col-lg-6 col-xl-6 offset-xl-1\"><div class=\"swiper-container-outer position-relative\"><div class=\"swiper-container\"><div class=\" swiper-wrapper\"><div class=\"swiper-slide\"><img loading=\"lazy\" decoding=\"async\" width=\"640\" height=\"528\" src=\"https:\/\/eestimaaehitus.ee\/wp-content\/uploads\/fly-images\/3910\/Linakoja-kulalistemaja-640x528-c.jpg\" class=\"attachment-img-640x528\" alt=\"Linakoja k\u00fclalistemaja\" \/><div class=\"img-alt-txt\">Linakoja Guest House<\/div><\/div><\/div><\/div><div class=\"swiper-button-prev\"><svg width=\"12\" height=\"12\" viewBox=\"0 0 12 12\" fill=\"none\" xmlns=\"http:\/\/www.w3.org\/2000\/svg\"><path d=\"M8.25 0.75L3 6L8.25 11.25\" stroke=\"#262930\"\/><\/svg><\/div><div class=\"swiper-button-next\"><svg width=\"12\" height=\"12\" viewBox=\"0 0 12 12\" fill=\"none\" xmlns=\"http:\/\/www.w3.org\/2000\/svg\"><path d=\"M3.75 0.75L9 6L3.75 11.25\" stroke=\"#262930\"\/><\/svg><\/div><\/div><\/div><\/div><\/div>\n\n<div id=\"acf-block_2eb35acda9c522fd6025de6f64a3b266\" class=\"acf-block-element block-txtmedia wide-img color-default\"><div class=\"row row-grid\"><div class=\"col-content col-12 col-lg-6 col-xl-5 order-1 offset-xl-1 align-self-start\">\n\n<h3 class=\"wp-block-heading wp-el\">Mooste Distillery Park House (160 m)<\/h3>\n\n\n\n<p class=\"wp-el\"><\/p>\n\n\n\n<p class=\"wp-el\">Guest apartment &#8220;Karmen &#8211; Maria&#8221; \u20ac155<\/p>\n\n\n\n<p class=\"wp-el\">Room &#8220;Karmen&#8221; (2 people + 2 extra beds available) \u20ac85<\/p>\n\n\n\n<p class=\"wp-el\">Room &#8220;Maria&#8221; (2 persons) \u20ac75<\/p>\n\n\n\n<p class=\"wp-el\">The rooms share toilet and shower, a common front room with a kitchenette. TV, Wifi, fridge, kettle, coffee machine.<\/p>\n\n\n\n<p class=\"wp-el\">Guest apartment &#8220;Kristiina&#8221; \u20ac135<\/p>\n\n\n\n<p class=\"wp-el\">The spacious front room of the 2-room guest apartment has a comfortable pull-out sofa and armchairs, a desk, a kitchenette, and a private toilet\/shower. Through the front room you can get to a cozy bedroom for 2 people. TV, Wifi, fridge, kettle, coffee machine.<\/p>\n\n<\/div><div class=\"col-media clearfix col-12 col-lg-6 col-xl-6\"><div class=\"swiper-container-outer position-relative\"><div class=\"swiper-container\"><div class=\" swiper-wrapper\"><div class=\"swiper-slide\"><img loading=\"lazy\" decoding=\"async\" width=\"640\" height=\"528\" src=\"https:\/\/eestimaaehitus.ee\/wp-content\/uploads\/fly-images\/3912\/Mooste-moisa-pargimaja-640x528-c.jpg\" class=\"attachment-img-640x528\" alt=\"Mooste m\u00f5isa pargimaja\" \/><div class=\"img-alt-txt\">Mooste Distillery Park House<\/div><\/div><\/div><\/div><div class=\"swiper-button-prev\"><svg width=\"12\" height=\"12\" viewBox=\"0 0 12 12\" fill=\"none\" xmlns=\"http:\/\/www.w3.org\/2000\/svg\"><path d=\"M8.25 0.75L3 6L8.25 11.25\" stroke=\"#262930\"\/><\/svg><\/div><div class=\"swiper-button-next\"><svg width=\"12\" height=\"12\" viewBox=\"0 0 12 12\" fill=\"none\" xmlns=\"http:\/\/www.w3.org\/2000\/svg\"><path d=\"M3.75 0.75L9 6L3.75 11.25\" stroke=\"#262930\"\/><\/svg><\/div><\/div><\/div><\/div><\/div>\n\n<div id=\"acf-block_0c5c640e30b6a95d2cada2e09ae051aa\" class=\"acf-block-element block-txtmedia wide-img color-default\"><div class=\"row row-grid\"><div class=\"col-content col-12 col-lg-6 col-xl-5 align-self-start\">\n\n<p class=\"wp-el\">Guest rooms &#8220;Riin&#8221;, &#8220;Karin&#8221;, &#8220;Kadi&#8221;, &#8220;K\u00e4bi&#8221; <\/p>\n\n\n\n<p class=\"wp-el\">The guest rooms share toilet and bathroom. TV, Wifi, fridge, kettle, coffee machine in the spacious hall.<\/p>\n\n\n\n<p class=\"wp-el\">&#8220;Riin&#8221; (2 people + 2 extra beds available) \u20ac85<\/p>\n\n\n\n<p class=\"wp-el\">&#8220;Karin&#8221; (1-2 people, small room, toilet\/shower in the room) \u20ac50 <\/p>\n\n\n\n<p class=\"wp-el\">&#8220;Kadi&#8221; (1-2 people, shared toilet\/shower) \u20ac50<\/p>\n\n\n\n<p class=\"wp-el\">&#8220;K\u00e4ni&#8221; (4 people, shared toilet\/shower) \u20ac50<\/p>\n\n\n\n<p class=\"wp-el\">Extra bed \u20ac30<\/p>\n\n\n\n<p class=\"wp-el\">Breakfast at Distillery Restaurant \u20ac10<\/p>\n\n\n\n<p class=\"wp-el\">Information and booking at <a href=\"mailto:%20info@viinavabrik.ee\" target=\"_blank\" rel=\"noreferrer noopener\">info@viinavabrik.ee<\/a> with keyword LEFE 2023.<\/p>\n\n<\/div><div class=\"col-media clearfix col-12 col-lg-6 col-xl-6 offset-xl-1\"><div class=\"swiper-container-outer position-relative\"><div class=\"swiper-container\"><div class=\" swiper-wrapper\"><div class=\"swiper-slide\"><img loading=\"lazy\" decoding=\"async\" width=\"640\" height=\"528\" src=\"https:\/\/eestimaaehitus.ee\/wp-content\/uploads\/fly-images\/3912\/Mooste-moisa-pargimaja-640x528-c.jpg\" class=\"attachment-img-640x528\" alt=\"Mooste m\u00f5isa pargimaja\" \/><div class=\"img-alt-txt\">Mooste Distillery Park House<\/div><\/div><\/div><\/div><div class=\"swiper-button-prev\"><svg width=\"12\" height=\"12\" viewBox=\"0 0 12 12\" fill=\"none\" xmlns=\"http:\/\/www.w3.org\/2000\/svg\"><path d=\"M8.25 0.75L3 6L8.25 11.25\" stroke=\"#262930\"\/><\/svg><\/div><div class=\"swiper-button-next\"><svg width=\"12\" height=\"12\" viewBox=\"0 0 12 12\" fill=\"none\" xmlns=\"http:\/\/www.w3.org\/2000\/svg\"><path d=\"M3.75 0.75L9 6L3.75 11.25\" stroke=\"#262930\"\/><\/svg><\/div><\/div><\/div><\/div><\/div>\n\n<div id=\"acf-block_ce3a4a8c03086448913f9b9634be7937\" class=\"acf-block-element block-txtmedia wide-img color-default\"><div class=\"row row-grid\"><div class=\"col-content col-12 col-lg-6 col-xl-5 order-1 offset-xl-1 align-self-start\">\n\n<h3 class=\"wp-block-heading wp-el\">Mooste Distillery (250 m)<\/h3>\n\n\n\n<p class=\"wp-el\"><\/p>\n\n\n\n<p class=\"wp-el\">The beautifully renovated <a href=\"https:\/\/www.viinavabrik.ee\/\" target=\"_blank\" rel=\"noreferrer noopener\">Mooste Distillery<\/a> is located right on the shore of the Mooste lake. Overnight stay with breakfast:<\/p>\n\n\n\n<p class=\"wp-el\">Suite \u20ac135 (2-room, 1 large bed, extra beds available)<\/p>\n\n\n\n<p class=\"wp-el\">Large room \u20ac95 (for 2 people, extra bed possible)<\/p>\n\n\n\n<p class=\"wp-el\">Small room \u20ac85 (for 2 people)<\/p>\n\n\n\n<p class=\"wp-el\">Large family room (4 to 12 people) \u20ac40\/person<\/p>\n\n\n\n<p class=\"wp-el\">Extra bed \u20ac30<\/p>\n\n\n\n<p class=\"wp-el\">Pet \u20ac10<\/p>\n\n\n\n<p class=\"wp-el\">Information and booking at <a href=\"mailto:%20info@viinavabrik.ee\" target=\"_blank\" rel=\"noreferrer noopener\">info@viinavabrik.ee<\/a> with keyword LEFE 2023.<\/p>\n\n<\/div><div class=\"col-media clearfix col-12 col-lg-6 col-xl-6\"><div class=\"swiper-container-outer position-relative\"><div class=\"swiper-container\"><div class=\" swiper-wrapper\"><div class=\"swiper-slide\"><img loading=\"lazy\" decoding=\"async\" width=\"640\" height=\"528\" src=\"https:\/\/eestimaaehitus.ee\/wp-content\/uploads\/fly-images\/3914\/Mooste-Viinavabrik-640x528-c.jpg\" class=\"attachment-img-640x528\" alt=\"Mooste Viinavabrik\" \/><div class=\"img-alt-txt\">Mooste Distillery <\/div><\/div><\/div><\/div><div class=\"swiper-button-prev\"><svg width=\"12\" height=\"12\" viewBox=\"0 0 12 12\" fill=\"none\" xmlns=\"http:\/\/www.w3.org\/2000\/svg\"><path d=\"M8.25 0.75L3 6L8.25 11.25\" stroke=\"#262930\"\/><\/svg><\/div><div class=\"swiper-button-next\"><svg width=\"12\" height=\"12\" viewBox=\"0 0 12 12\" fill=\"none\" xmlns=\"http:\/\/www.w3.org\/2000\/svg\"><path d=\"M3.75 0.75L9 6L3.75 11.25\" stroke=\"#262930\"\/><\/svg><\/div><\/div><\/div><\/div><\/div>\n\n<div id=\"acf-block_97560fb5c866d6164d6c71690a680b2f\" class=\"acf-block-element block-txtmedia wide-img color-default\"><div class=\"row row-grid\"><div class=\"col-content col-12 col-lg-6 col-xl-5 align-self-start\">\n\n<h3 class=\"wp-block-heading wp-el\">Hotel Pesa in P\u00f5lva (16 km) or Airbnb<\/h3>\n\n\n\n<p class=\"wp-el\"><\/p>\n\n\n\n<p class=\"wp-el\">The <a href=\"https:\/\/www.kagureis.ee\/en\" target=\"_blank\" rel=\"noreferrer noopener\">Hotel Pesa<\/a> has a total of 30 rooms located on the second and third floors of the building.<\/p>\n\n\n\n<p class=\"wp-el\">The rooms with solid wooden furniture and natural parquet flooring have a shower, toilet, TV and WiFi. The mini-suites also have a kettle and bathrobes. <\/p>\n\n\n\n<p class=\"wp-el\">Free Wi-Fi is available in the hotel. The hotel offers direct access to the health center of the city of P\u00f5lva, where there is a swimming pool, saunas and a gym.<\/p>\n\n\n\n<p class=\"wp-el\">Information and booking <a href=\"mailto:broneering@kagureis.ee\">broneering@kagureis.ee<\/a><\/p>\n\n\n\n<p class=\"wp-el\">Or find suitable accommodation in the area on <a href=\"https:\/\/www.airbnb.com\/\" target=\"_blank\" rel=\"noreferrer noopener\">Airbnb<\/a><\/p>\n\n<\/div><div class=\"col-media clearfix col-12 col-lg-6 col-xl-6 offset-xl-1\"><div class=\"swiper-container-outer position-relative\"><div class=\"swiper-container\"><div class=\" swiper-wrapper\"><div class=\"swiper-slide\"><img loading=\"lazy\" decoding=\"async\" width=\"640\" height=\"528\" src=\"https:\/\/eestimaaehitus.ee\/wp-content\/uploads\/fly-images\/3916\/Pesa-hotell-640x528-c.jpg\" class=\"attachment-img-640x528\" alt=\"Pesa hotell\" \/><div class=\"img-alt-txt\">Hotel Pesa<\/div><\/div><\/div><\/div><div class=\"swiper-button-prev\"><svg width=\"12\" height=\"12\" viewBox=\"0 0 12 12\" fill=\"none\" xmlns=\"http:\/\/www.w3.org\/2000\/svg\"><path d=\"M8.25 0.75L3 6L8.25 11.25\" stroke=\"#262930\"\/><\/svg><\/div><div class=\"swiper-button-next\"><svg width=\"12\" height=\"12\" viewBox=\"0 0 12 12\" fill=\"none\" xmlns=\"http:\/\/www.w3.org\/2000\/svg\"><path d=\"M3.75 0.75L9 6L3.75 11.25\" stroke=\"#262930\"\/><\/svg><\/div><\/div><\/div><\/div><\/div>\n\n\n<div style=\"height:100px\" aria-hidden=\"true\" class=\"wp-block-spacer\"><\/div>\n\n\n\n<h2 class=\"wp-block-heading has-text-align-center wp-el\">Catering options<\/h2>\n\n\n\n<div style=\"height:100px\" aria-hidden=\"true\" class=\"wp-block-spacer\"><\/div>\n\n\n<div id=\"acf-block_e4d81a916d747da5a63ba323efd304d0\" class=\"acf-block-element block-txtmedia wide-img color-default\"><div class=\"row row-grid\"><div class=\"col-content col-12 col-lg-6 col-xl-5 order-1 offset-xl-1 align-self-start\">\n\n<h3 class=\"wp-block-heading wp-el\">Love goes through the stomach<\/h3>\n\n\n\n<p class=\"wp-el\"><\/p>\n\n\n\n<p class=\"wp-el\">In the courtyard of the Eestimaaehitus building, there is a food tent where pizza is cooked in a wood-fired clay oven and other good meals are offered.<\/p>\n\n\n\n<p class=\"wp-el\">The Moisekatz cafe, located 140 m away, is open every day from 11 a.m. to 6 p.m. The menu includes: home-baked pastries-pies, delicious cakes and tarts, salads and savory snacks, high-quality coffee drinks, homemade daily specials, Moisekatz Black Bread, soft ice cream for sweet tooths.<\/p>\n\n\n\n<p class=\"wp-el\">250 m away, the <a href=\"https:\/\/www.viinavabrik.ee\/\" target=\"_blank\" rel=\"noreferrer noopener\">Mooste Distillery<\/a> restaurant offers food that is mainly made from carefully selected local ingredients. The restaurant prefers naturally grown products from small producers.<\/p>\n\n\n\n<p class=\"wp-el\">But you can also bring your own food basket and have a nice picnic in Mooste manor park.<\/p>\n\n<\/div><div class=\"col-media clearfix col-12 col-lg-6 col-xl-6\"><div class=\"swiper-container-outer position-relative\"><div class=\"swiper-container\"><div class=\" swiper-wrapper\"><div class=\"swiper-slide\"><img loading=\"lazy\" decoding=\"async\" width=\"640\" height=\"528\" src=\"https:\/\/eestimaaehitus.ee\/wp-content\/uploads\/fly-images\/4149\/Natural-Building-Festival-2023-picnic-640x528-c.jpg\" class=\"attachment-img-640x528\" alt=\"Natural Building Festival 2023 picnic\" \/><\/div><\/div><\/div><div class=\"swiper-button-prev\"><svg width=\"12\" height=\"12\" viewBox=\"0 0 12 12\" fill=\"none\" xmlns=\"http:\/\/www.w3.org\/2000\/svg\"><path d=\"M8.25 0.75L3 6L8.25 11.25\" stroke=\"#262930\"\/><\/svg><\/div><div class=\"swiper-button-next\"><svg width=\"12\" height=\"12\" viewBox=\"0 0 12 12\" fill=\"none\" xmlns=\"http:\/\/www.w3.org\/2000\/svg\"><path d=\"M3.75 0.75L9 6L3.75 11.25\" stroke=\"#262930\"\/><\/svg><\/div><\/div><\/div><\/div><\/div>\n\n\n<div style=\"height:100px\" aria-hidden=\"true\" class=\"wp-block-spacer\"><\/div>\n\n\n\n<h2 class=\"wp-block-heading has-text-align-center wp-el\">Location and how to get here<\/h2>\n\n\n\n<div style=\"height:100px\" aria-hidden=\"true\" class=\"wp-block-spacer\"><\/div>\n\n\n\n<div class=\"wp-block-media-text alignwide has-media-on-the-right is-stacked-on-mobile\" style=\"grid-template-columns:auto 15%\"><div class=\"wp-block-media-text__content\">\n<p class=\"wp-el\"><\/p>\n\n\n\n<h3 class=\"wp-block-heading wp-el\">Eestimaaehitus &#8211; Competence Center for Ecological Building<\/h3>\n\n\n\n<p class=\"wp-el\">The Natural Building Festival takes place in Competence Center for Ecological Building &#8211; Eestimaaehitus.<br>Location: <a href=\"https:\/\/www.google.com\/maps\/place\/Eestimaaehitus\/@58.1617557,27.1918191,18z\/data=!4m5!3m4!1s0x46ead9ee6f90a6fd:0x5bd268e2bcb050fd!8m2!3d58.1617421!4d27.192971\" target=\"_blank\" rel=\"noreferrer noopener\">M\u00f5isahoovi tee 5, Mooste, P\u00f5lva County 64616, Estonia<\/a><br><\/p>\n<\/div><figure class=\"wp-block-media-text__media\"><img loading=\"lazy\" decoding=\"async\" width=\"1080\" height=\"1080\" src=\"https:\/\/eestimaaehitus.ee\/wp-content\/uploads\/2022\/07\/Eestimaaehitus-koolituskeskus.jpg\" alt=\"Eestimaaehitus koolituskeskus\" class=\"wp-image-3068 size-full\" srcset=\"https:\/\/eestimaaehitus.ee\/wp-content\/uploads\/2022\/07\/Eestimaaehitus-koolituskeskus.jpg 1080w, https:\/\/eestimaaehitus.ee\/wp-content\/uploads\/2022\/07\/Eestimaaehitus-koolituskeskus-416x416.jpg 416w\" sizes=\"auto, (max-width: 1080px) 100vw, 1080px\" \/><\/figure><\/div>\n\n\n\n<p class=\"wp-el\"><\/p>\n\n\n\n<div class=\"wp-block-media-text alignwide has-media-on-the-right is-stacked-on-mobile\" style=\"grid-template-columns:auto 15%\"><div class=\"wp-block-media-text__content\">\n<p class=\"wp-el\"><\/p>\n\n\n\n<h3 class=\"wp-block-heading wp-el\">Mooste Folk Chamber<\/h3>\n\n\n\n<p class=\"wp-el\">P\u00f5lva County Green Forumtakes place in Mooste Folk Chamber.<br>Location: <a href=\"https:\/\/www.google.com\/maps\/place\/Mooste+folgikoda\/@58.1624728,27.1903811,17z\/data=!4m14!1m7!3m6!1s0x46ead95bd926a573:0x87b673a7c1cdf28a!2sMooste+folgikoda!8m2!3d58.16247!4d27.192956!16s%2Fg%2F11ghtc_ms7!3m5!1s0x46ead95bd926a573:0x87b673a7c1cdf28a!8m2!3d58.16247!4d27.192956!16s%2Fg%2F11ghtc_ms7\" target=\"_blank\" rel=\"noreferrer noopener\">M\u00f5isahoovi tee 12, Mooste, P\u00f5lva County 64616, Estonia<\/a><br><\/p>\n<\/div><figure class=\"wp-block-media-text__media\"><img loading=\"lazy\" decoding=\"async\" width=\"640\" height=\"640\" src=\"https:\/\/eestimaaehitus.ee\/wp-content\/uploads\/2023\/04\/Folgikoda-LEFE-2023.jpg\" alt=\"Folgikoda LEFE 2023\" class=\"wp-image-3961 size-full\" srcset=\"https:\/\/eestimaaehitus.ee\/wp-content\/uploads\/2023\/04\/Folgikoda-LEFE-2023.jpg 640w, https:\/\/eestimaaehitus.ee\/wp-content\/uploads\/2023\/04\/Folgikoda-LEFE-2023-416x416.jpg 416w\" sizes=\"auto, (max-width: 640px) 100vw, 640px\" \/><\/figure><\/div>\n\n\n\n<p class=\"wp-el\"><\/p>\n\n\n\n<div class=\"wp-block-media-text alignwide has-media-on-the-right is-stacked-on-mobile\" style=\"grid-template-columns:auto 15%\"><div class=\"wp-block-media-text__content\">\n<p class=\"wp-el\"><\/p>\n\n\n\n<h3 class=\"wp-block-heading wp-el\">By bus from Tallinn Coach Station<\/h3>\n\n\n\n<p class=\"wp-el\"><a href=\"https:\/\/www.tpilet.ee\/en\/travel?departureDate=2023-08-15&amp;returnDate=2023-08-15&amp;departureStop=tallinn&amp;destinationStop=tartu&amp;price=-1&amp;duration=-1\" target=\"_blank\" rel=\"noreferrer noopener\">Bus from Tallinn Coach Station to Tartu Coach Station<\/a> <br><a href=\"https:\/\/www.tpilet.ee\/en\/\" target=\"_blank\" rel=\"noreferrer noopener\">Bus from Tartu Coach Station to Mooste<\/a><br><\/p>\n<\/div><figure class=\"wp-block-media-text__media\"><img loading=\"lazy\" decoding=\"async\" width=\"1080\" height=\"1080\" src=\"https:\/\/eestimaaehitus.ee\/wp-content\/uploads\/2022\/07\/Tallinn-coach-station.jpg\" alt=\"Tallinn coach station\" class=\"wp-image-3072 size-full\" srcset=\"https:\/\/eestimaaehitus.ee\/wp-content\/uploads\/2022\/07\/Tallinn-coach-station.jpg 1080w, https:\/\/eestimaaehitus.ee\/wp-content\/uploads\/2022\/07\/Tallinn-coach-station-416x416.jpg 416w\" sizes=\"auto, (max-width: 1080px) 100vw, 1080px\" \/><\/figure><\/div>\n\n\n\n<p class=\"wp-el\"><\/p>\n\n\n\n<div class=\"wp-block-media-text alignwide has-media-on-the-right is-stacked-on-mobile\" style=\"grid-template-columns:auto 15%\"><div class=\"wp-block-media-text__content\">\n<p class=\"wp-el\"><\/p>\n\n\n\n<h3 class=\"wp-block-heading wp-el\">By bus from Tallinn Airport<\/h3>\n\n\n\n<p class=\"wp-el\"><a href=\"https:\/\/www.tpilet.ee\/en\/travel?departureDate=2023-08-15&amp;returnDate=2023-08-15&amp;departureStop=lennujaam&amp;destinationStop=tartu&amp;price=-1&amp;duration=-1\" target=\"_blank\" rel=\"noreferrer noopener\">Bus from Tallinn Airport to Tartu Coach Statio<\/a><a href=\"https:\/\/www.tpilet.ee\/et\/travel?departureStop=lennujaam&amp;destinationStop=tartu&amp;price=-1&amp;duration=-1&amp;departureDate=2023-08-15&amp;returnDate=2023-08-15\" target=\"_blank\" rel=\"noreferrer noopener\">n <\/a><br><a href=\"https:\/\/www.tpilet.ee\/en\/\" target=\"_blank\" rel=\"noreferrer noopener\">Bus from Tartu Coach Station to Mooste<\/a><br><\/p>\n<\/div><figure class=\"wp-block-media-text__media\"><img loading=\"lazy\" decoding=\"async\" width=\"1080\" height=\"1080\" src=\"https:\/\/eestimaaehitus.ee\/wp-content\/uploads\/2022\/07\/Tallinn-airport.jpg\" alt=\"Tallinn airport\" class=\"wp-image-3070 size-full\" srcset=\"https:\/\/eestimaaehitus.ee\/wp-content\/uploads\/2022\/07\/Tallinn-airport.jpg 1080w, https:\/\/eestimaaehitus.ee\/wp-content\/uploads\/2022\/07\/Tallinn-airport-416x416.jpg 416w\" sizes=\"auto, (max-width: 1080px) 100vw, 1080px\" \/><\/figure><\/div>\n\n\n<div id=\"acf-block_aeb0445ccf9e2a019c53c414ed4d476a\" class=\"acf-block-element block-container container-extra-narrow\">\n\n<h3 class=\"wp-block-heading wp-el\">INFORMATION<\/h3>\n\n\n\n<p class=\"wp-el\"><strong><strong>Organizer:<\/strong>&nbsp;<\/strong>Eestimaaehitus &#8211; Competence Center for Ecological Building<br><strong><strong><strong>Location<\/strong>:<\/strong>&nbsp;<\/strong><a href=\"https:\/\/www.google.com\/maps\/place\/Eestimaaehitus\/@58.1617449,27.1903961,17z\/data=!3m1!4b1!4m6!3m5!1s0x46ead9ee6f90a6fd:0x5bd268e2bcb050fd!8m2!3d58.1617421!4d27.192971!16s%2Fg%2F11mhck14cx\" target=\"_blank\" rel=\"noreferrer noopener\">M\u00f5isahoovi tee 5, Mooste Manor, 64616 P\u00f5lva County, Estonia<\/a><br><strong><strong><strong>Language of the festival:<\/strong><\/strong><\/strong> English and Estonian (everything is not translated). The Green Forum has simultaneous translation.<br><strong><strong><strong>Participation fee:&nbsp;<\/strong><\/strong><\/strong>described in ticket information section above<br><strong><strong><strong>Safety<\/strong>:<\/strong>&nbsp;<\/strong>bring your working clothes and footwear, latex coated gloves to work with lime based materials, proper mask if you are sensitive to dust.<br><strong><strong><strong>Information<\/strong>:<\/strong>&nbsp;<\/strong>tere@eestimaaehitus.ee +372 56 226 066<br><strong><strong><strong>Accommodation<\/strong>:&nbsp;<\/strong><\/strong>options are described in accommodation&nbsp;section above<\/p>\n\n\n\n<p class=\"wp-el\"><strong>Catering:<\/strong>&nbsp;options are described in catering section above<\/p>\n\n\n\n<h3 class=\"wp-block-heading wp-el\"><\/h3>\n\n\n\n<div class=\"wp-block-contact-form-7-contact-form-selector\">\n<div class=\"wpcf7 no-js\" id=\"wpcf7-f1346-o1\" lang=\"et\" dir=\"ltr\" data-wpcf7-id=\"1346\">\n<div class=\"screen-reader-response\"><p role=\"status\" aria-live=\"polite\" aria-atomic=\"true\"><\/p> <ul><\/ul><\/div>\n<form action=\"\/en\/wp-json\/wp\/v2\/posts\/3615#wpcf7-f1346-o1\" method=\"post\" class=\"wpcf7-form init\" aria-label=\"Contact form\" novalidate=\"novalidate\" data-status=\"init\">\n<fieldset class=\"hidden-fields-container\"><input type=\"hidden\" name=\"_wpcf7\" value=\"1346\" \/><input type=\"hidden\" name=\"_wpcf7_version\" value=\"6.1.5\" \/><input type=\"hidden\" name=\"_wpcf7_locale\" value=\"et\" \/><input type=\"hidden\" name=\"_wpcf7_unit_tag\" value=\"wpcf7-f1346-o1\" \/><input type=\"hidden\" name=\"_wpcf7_container_post\" value=\"0\" \/><input type=\"hidden\" name=\"_wpcf7_posted_data_hash\" value=\"\" \/><input type=\"hidden\" name=\"_wpcf7_recaptcha_response\" value=\"\" \/>\n<\/fieldset>\n<input class=\"wpcf7-form-control wpcf7-hidden\" value=\"eng\" type=\"hidden\" name=\"language\" \/>\n<span class=\"wpcf7-form-control-wrap\" data-name=\"your-name\"><input size=\"40\" maxlength=\"400\" class=\"wpcf7-form-control wpcf7-text wpcf7-validates-as-required\" aria-required=\"true\" aria-invalid=\"false\" placeholder=\"Your name\" value=\"\" type=\"text\" name=\"your-name\" \/><\/span>\n<span class=\"wpcf7-form-control-wrap\" data-name=\"your-surname\"><input size=\"40\" maxlength=\"400\" class=\"wpcf7-form-control wpcf7-text wpcf7-validates-as-required\" aria-required=\"true\" aria-invalid=\"false\" placeholder=\"Your surname\" value=\"\" type=\"text\" name=\"your-surname\" \/><\/span>\n<span class=\"wpcf7-form-control-wrap\" data-name=\"your-email\"><input size=\"40\" maxlength=\"400\" class=\"wpcf7-form-control wpcf7-email wpcf7-validates-as-required wpcf7-text wpcf7-validates-as-email\" aria-required=\"true\" aria-invalid=\"false\" placeholder=\"Your email\" value=\"\" type=\"email\" name=\"your-email\" \/><\/span>\n<span class=\"wpcf7-form-control-wrap\" data-name=\"your-message\"><textarea cols=\"40\" rows=\"10\" maxlength=\"2000\" class=\"wpcf7-form-control wpcf7-textarea wpcf7-validates-as-required\" aria-required=\"true\" aria-invalid=\"false\" placeholder=\"Your message\" name=\"your-message\"><\/textarea><\/span>\n<span class=\"wpcf7-form-control-wrap\" data-name=\"checkbox-834\"><span class=\"wpcf7-form-control wpcf7-checkbox\"><span class=\"wpcf7-list-item first last\"><label><input type=\"checkbox\" name=\"checkbox-834[]\" value=\"I wish to join the newsletter\" \/><span class=\"wpcf7-list-item-label\">I wish to join the newsletter<\/span><\/label><\/span><\/span><\/span>\n<span class=\"wpcf7-form-control-wrap\" data-name=\"acceptance-682\"><span class=\"wpcf7-form-control wpcf7-acceptance\"><span class=\"wpcf7-list-item\"><label><input type=\"checkbox\" name=\"acceptance-682\" value=\"1\" aria-invalid=\"false\" \/><span class=\"wpcf7-list-item-label\">I have read the <a href=\"https:\/\/eestimaaehitus.ee\/privaatsustingimused\/\" target=\"_blank\">privacy policy<\/a><\/span><\/label><\/span><\/span><\/span>\n<input class=\"wpcf7-form-control wpcf7-submit has-spinner\" type=\"submit\" value=\"Send\" \/><div class=\"wpcf7-response-output\" aria-hidden=\"true\"><\/div>\n<\/form>\n<\/div>\n<\/div>\n\n<\/div>\n\n\n<div style=\"height:100px\" aria-hidden=\"true\" class=\"wp-block-spacer\"><\/div>\n\n\n\n<figure class=\"wp-block-embed is-type-video is-provider-youtube wp-block-embed-youtube\"><div style=\"display: contents;\" >\n\n<div data-mode=\"normal\" data-oembed=\"1\" data-provider=\"youtube\" id=\"arve-youtube-hzu7rfs-bza\" class=\"arve\">\n\t<div class=\"arve-inner\">\n\t\t<div class=\"arve-embed arve-embed--has-aspect-ratio\">\n\t\t\t<div class=\"arve-ar\" style=\"padding-top:56.250000%\"><\/div>\n\t\t\t<iframe allow=\"accelerometer &apos;none&apos;;autoplay &apos;none&apos;;bluetooth &apos;none&apos;;browsing-topics &apos;none&apos;;camera &apos;none&apos;;clipboard-read &apos;none&apos;;clipboard-write;display-capture &apos;none&apos;;encrypted-media &apos;none&apos;;gamepad &apos;none&apos;;geolocation &apos;none&apos;;gyroscope &apos;none&apos;;hid &apos;none&apos;;identity-credentials-get &apos;none&apos;;idle-detection &apos;none&apos;;keyboard-map &apos;none&apos;;local-fonts;magnetometer &apos;none&apos;;microphone &apos;none&apos;;midi &apos;none&apos;;otp-credentials &apos;none&apos;;payment &apos;none&apos;;picture-in-picture;publickey-credentials-create &apos;none&apos;;publickey-credentials-get &apos;none&apos;;screen-wake-lock &apos;none&apos;;serial &apos;none&apos;;summarizer &apos;none&apos;;sync-xhr;usb &apos;none&apos;;web-share;window-management &apos;none&apos;;xr-spatial-tracking &apos;none&apos;;\" allowfullscreen=\"\" class=\"arve-iframe fitvidsignore\" credentialless data-arve=\"arve-youtube-hzu7rfs-bza\" data-lenis-prevent=\"\" data-src-no-ap=\"https:\/\/www.youtube-nocookie.com\/embed\/hzu7Rfs-bzA?feature=oembed&amp;iv_load_policy=3&amp;modestbranding=1&amp;rel=0&amp;autohide=1&amp;playsinline=0&amp;autoplay=0&amp;enablejsapi=1\" frameborder=\"0\" height=\"0\" loading=\"lazy\" name=\"\" referrerpolicy=\"strict-origin-when-cross-origin\" sandbox=\"allow-scripts allow-same-origin allow-presentation allow-popups allow-popups-to-escape-sandbox\" scrolling=\"no\" src=\"https:\/\/www.youtube-nocookie.com\/embed\/hzu7Rfs-bzA?feature=oembed&#038;iv_load_policy=3&#038;modestbranding=1&#038;rel=0&#038;autohide=1&#038;playsinline=0&#038;autoplay=0&#038;enablejsapi=1\" title=\"Natural Building Festival 2023\" width=\"0\"><\/iframe>\n\t\t\t\n\t\t<\/div>\n\t\t\n\t<\/div>\n\t\n\t\n\t<script type=\"application\/ld+json\">{\"@context\":\"http:\\\/\\\/schema.org\\\/\",\"@id\":\"https:\\\/\\\/eestimaaehitus.ee\\\/en\\\/natural-building-festival-2023\\\/#arve-youtube-hzu7rfs-bza\",\"type\":\"VideoObject\",\"embedURL\":\"https:\\\/\\\/www.youtube-nocookie.com\\\/embed\\\/hzu7Rfs-bzA?feature=oembed&iv_load_policy=3&modestbranding=1&rel=0&autohide=1&playsinline=0&autoplay=0&enablejsapi=1\",\"name\":\"Natural Building Festival 2023\",\"thumbnailUrl\":\"https:\\\/\\\/i.ytimg.com\\\/vi\\\/hzu7Rfs-bzA\\\/hqdefault.jpg\",\"uploadDate\":\"2023-04-02T23:40:36+03:00\",\"author\":\"Eestimaaehitus\",\"description\":\"Natural Building Festival 2023 (16-19 Aug) Natural Building Festival is coming again, this time as an international one! Themes: construction, finish and art. Practical workshops, lectures, consultations, Green Forum, children's area and much more. The event takes place in the Mooste manor complex.\"}<\/script>\n\t\n<\/div>\n<\/div><\/figure>\n","protected":false},"excerpt":{"rendered":"<p>Presentations at Natural Building Festival 16-18 August Guy Valentine Guy Valentine is a master finisher who works with natural materials&#8230;<\/p>\n","protected":false},"author":3,"featured_media":4142,"comment_status":"closed","ping_status":"closed","sticky":false,"template":"","format":"standard","meta":{"_acf_changed":false,"inline_featured_image":false,"footnotes":""},"categories":[59],"tags":[],"class_list":["post-3615","post","type-post","status-publish","format-standard","has-post-thumbnail","hentry","category-old-trainings"],"acf":[],"_links":{"self":[{"href":"https:\/\/eestimaaehitus.ee\/en\/wp-json\/wp\/v2\/posts\/3615","targetHints":{"allow":["GET"]}}],"collection":[{"href":"https:\/\/eestimaaehitus.ee\/en\/wp-json\/wp\/v2\/posts"}],"about":[{"href":"https:\/\/eestimaaehitus.ee\/en\/wp-json\/wp\/v2\/types\/post"}],"author":[{"embeddable":true,"href":"https:\/\/eestimaaehitus.ee\/en\/wp-json\/wp\/v2\/users\/3"}],"replies":[{"embeddable":true,"href":"https:\/\/eestimaaehitus.ee\/en\/wp-json\/wp\/v2\/comments?post=3615"}],"version-history":[{"count":3,"href":"https:\/\/eestimaaehitus.ee\/en\/wp-json\/wp\/v2\/posts\/3615\/revisions"}],"predecessor-version":[{"id":5654,"href":"https:\/\/eestimaaehitus.ee\/en\/wp-json\/wp\/v2\/posts\/3615\/revisions\/5654"}],"wp:featuredmedia":[{"embeddable":true,"href":"https:\/\/eestimaaehitus.ee\/en\/wp-json\/wp\/v2\/media\/4142"}],"wp:attachment":[{"href":"https:\/\/eestimaaehitus.ee\/en\/wp-json\/wp\/v2\/media?parent=3615"}],"wp:term":[{"taxonomy":"category","embeddable":true,"href":"https:\/\/eestimaaehitus.ee\/en\/wp-json\/wp\/v2\/categories?post=3615"},{"taxonomy":"post_tag","embeddable":true,"href":"https:\/\/eestimaaehitus.ee\/en\/wp-json\/wp\/v2\/tags?post=3615"}],"curies":[{"name":"wp","href":"https:\/\/api.w.org\/{rel}","templated":true}]}}